{"id":1523,"date":"2020-07-25T11:10:33","date_gmt":"2020-07-25T09:10:33","guid":{"rendered":"https:\/\/sv-koerne83.de\/wordpress\/?p=1523"},"modified":"2020-07-25T11:55:22","modified_gmt":"2020-07-25T09:55:22","slug":"nach-7-jahren-wieder-frauenfussball","status":"publish","type":"post","link":"https:\/\/sv-koerne83.de\/wordpress\/2020\/07\/25\/nach-7-jahren-wieder-frauenfussball\/","title":{"rendered":"Nach 7 Jahren wieder Frauenfu\u00dfball"},"content":{"rendered":"\n<h2 class=\"wp-block-heading\">\u201eBack to the roots\u201c<\/h2>\n\n\n\n<p>Nach hartn\u00e4ckigem Insistieren einiger ehemaliger Spielerinnen des Vereins lie\u00df sich der&nbsp;<strong>1. Vorsitzende Eddy Hoffmann<\/strong>&nbsp;am Ende \u00fcberzeugen, dass dem Verein eine&nbsp;<strong>Frauenmannschaft<\/strong>&nbsp;nach Jahren der Abstinenz wieder gut zu Gesicht stehen w\u00fcrde.<\/p>\n\n\n\n<p><strong>Gesagt, getan!&nbsp;<\/strong>Mit Elan ging es direkt auf die Suche von Spielerinnen- und nat\u00fcrlich einem Trainer!<\/p>\n\n\n\n<p>Als&nbsp;<strong>Trainer&nbsp;<\/strong>der Mannschaft konnte schnell&nbsp;<strong>Dennis Taubenheim<\/strong>&nbsp;gewonnen werden, dessen Frau Angela fr\u00fcher f\u00fcr den SV K\u00f6rne die Fu\u00dfballschuhe anzog und diese wieder am Winkelriedweg schn\u00fcren will.<\/p>\n\n\n\n<p>Dennis blickt neben seiner eigenen Vita als aktiver Spieler auf ein zweij\u00e4hriges Engagement als Trainer der 2. Wambeler Frauenmannschaft zur\u00fcck, die er zum Aufstieg f\u00fchren konnte.<\/p>\n\n\n\n<p>Nach einer l\u00e4ngeren Pause, zu der ihn eine Sportverletzung zwang, will er nun versuchen, in K\u00f6rne eine schlagkr\u00e4ftige Truppe aufzubauen.<\/p>\n\n\n\n<p>Neben seiner Frau Angela und den\u00a0<strong>ehemaligen K\u00f6rner Spielerinnen\u00a0<\/strong>Sarah Zwick, Janina Stiefel, Kerstin Gragen und Katharina Arnold sind Spielerinnen aus unterschiedlichen Vereinen zum Team gesto\u00dfen, das zum jetzigen Zeitpunkt 23 Spielerinnen umfasst, doch ist durchaus noch Bedarf an Zug\u00e4ngen vorhanden.<\/p>\n\n\n\n<h2 class=\"wp-block-heading\">Wer Spa\u00df am Kicken hat, ist beim SV K\u00f6rne herzlich willkommen<\/h2>\n\n\n\n<p>Damit der Kader m\u00f6glichst breit gef\u00e4chert ist, werden noch interessierte M\u00e4dchen (Mindestalter 16 Jahre) und Spielerinnen gesucht.<\/p>\n\n\n\n<p><strong>Das Training findet jeweils am Dienstag und Freitag in der Zeit von 18:00 &#8211; 19:30 Uhr auf dem Kunstrasenplatz an der Hohwartschule, Winkelriedweg, statt.<\/strong><\/p>\n\n\n\n<p>Der Gesamtverein steht auf wirtschaftlich soliden Beinen und zeichnet sich durch ein sehr angenehmes Klima, ein hohes Ma\u00df an sozialer Kompetenz und Geselligkeit aus.<\/p>\n\n\n\n<h2 class=\"wp-block-heading\">&#8222;Wir sind ein tolles neues Team!&#8220;<\/h2>\n\n\n\n<p>Dieses Zitat aus dem Mund von&nbsp;<strong>Katharina Arnold<\/strong>, die mit ihrer Hartn\u00e4ckigkeit bei der &#8222;Wiedergeburt&#8220; des Frauenfu\u00dfballs beim SV K\u00f6rne den Stein ins Rollen gebracht hat, spiegelt wider, dass sich in relativ kurzer Zeit eine positive Stimmung entwickelt hat, so dass es f\u00fcr Interessierte eine Motivation sein k\u00f6nnte, einmal am Vereinsgel\u00e4nde zu einem&nbsp; <strong>&#8222;Schnuppertraining&#8220;<\/strong>&nbsp;an einem&nbsp;<strong>Dienstag&nbsp;<\/strong>oder&nbsp;<strong>Freitag&nbsp;<\/strong>ab&nbsp;<strong>18:00 Uhr<\/strong>&nbsp;vorbeizuschauen und sich selbst einen Eindruck zu verschaffen.<\/p>\n\n\n\n<p>Ich konnte mich selbst von der lockeren, aber durchaus zielgerichteten Stimmung \u00fcberzeugen, als ich bei der ersten &#8222;ernsthaften&#8220; Trainingseinheit zum Platz gefahren bin.<\/p>\n\n\n\n<p>Selbst der&nbsp;<strong>12-min\u00fctige Cooper-Ausdauertest&nbsp;<\/strong>sowie einsetzender&nbsp;<strong>Regen&nbsp;<\/strong>konnte keine der Trainierenden in ihrem Engagement und Spa\u00df bremsen.<\/p>\n\n\n\n<h2 class=\"wp-block-heading\">Lang, lang ist&#8217;s her\u2026 Der Kreis schlie\u00dft sich- ein pers\u00f6nlicher R\u00fcckblick<\/h2>\n\n\n\n<p>Mir pers\u00f6nlich liegt der<strong>&nbsp;M\u00e4dchen- und Frauenfu\u00dfball&nbsp;<\/strong>beim SV K\u00f6rne sehr am Herzen, denn ich habe in den<strong>&nbsp;90er Jahren<\/strong>&nbsp;trotz bzw. entgegen vieler m\u00e4nnlicher Skeptiker im Verein zun\u00e4chst eine&nbsp;<strong>M\u00e4dchenmannschaft&nbsp;<\/strong>an den Start gebracht, die in der&nbsp;<strong>Saison 93\/94&nbsp;<\/strong>erstmals am offiziellen Spielbeztrieb teilnahm und die Saison auf Platz 4 beendete.<\/p>\n\n\n\n<p>Es dauerte ein weiteres Jahr, bis eine Frauenmannschaft gemeldet werden konnte, da nicht gen\u00fcgend M\u00e4dchen das Eintrittsalter von 16 Jahren f\u00fcr den Seniorenbereich hatten.<\/p>\n\n\n\n<p>Erst der Wechsel von Spielerinnen aus Brackel erm\u00f6glichte die Zusammenstellung&nbsp; Meldung einer&nbsp;<strong>Frauenmannschaft<\/strong>, die es im Laufe der Jahre bis in die Bezirksliga schaffte.<\/p>\n\n\n\n<p>Mein&nbsp;<strong>Aufgabenbereich&nbsp;<\/strong>wechselte nach einigen Jahren als Trainer der M\u00e4dchen in den &#8222;operativen&#8220; Bereich als Obmann der Frauen.<\/p>\n\n\n\n<p>Leider hatte die das Vereinsleben belebende &#8222;weibliche Komponente&#8220; des Vereins nach nur 19 Jahren ein Ende und f\u00fchrte&nbsp;<strong>2013&nbsp;<\/strong>wegen einer zu geringer Zahl an Spielerinnen zur&nbsp;<strong>Aufl\u00f6sung der Frauenmannschaft<\/strong><\/p>\n\n\n\n<p>Doch nun hei\u00dft es&nbsp;<strong>&#8222;AUF EIN NEUES!&#8220;<\/strong><\/p>\n\n\n\n<p>Ich w\u00fcnsche dem Team um Dennis Taubenheim f\u00fcr den Neustart bzw. Restart alles Gute \ud83d\ude42<\/p>\n\n\n\n<p><em>Text: Volker Oestreicher<\/em><\/p>\n","protected":false},"excerpt":{"rendered":"<p>\u201eBack to the roots\u201c Nach hartn\u00e4ckigem Insistieren einiger ehemaliger Spielerinnen des Vereins lie\u00df sich der&nbsp;1. Vorsitzende Eddy Hoffmann&nbsp;am Ende \u00fcberzeugen, dass dem Verein eine&nbsp;Frauenmannschaft&nbsp;nach Jahren der Abstinenz wieder gut zu [&hellip;]<\/p>\n","protected":false},"author":2,"featured_media":1522,"comment_status":"closed","ping_status":"open","sticky":false,"template":"","format":"standard","meta":{"_jetpack_memberships_contains_paid_content":false,"footnotes":""},"categories":[1,45],"tags":[],"class_list":["post-1523","post","type-post","status-publish","format-standard","has-post-thumbnail","hentry","category-allgemein","category-frauen"],"jetpack_sharing_enabled":true,"jetpack_featured_media_url":"https:\/\/sv-koerne83.de\/wordpress\/wp-content\/uploads\/2020\/07\/d2ae9f41-0fe8-4059-b480-5b1fe410eba3.jpg","_links":{"self":[{"href":"https:\/\/sv-koerne83.de\/wordpress\/wp-json\/wp\/v2\/posts\/1523","targetHints":{"allow":["GET"]}}],"collection":[{"href":"https:\/\/sv-koerne83.de\/wordpress\/wp-json\/wp\/v2\/posts"}],"about":[{"href":"https:\/\/sv-koerne83.de\/wordpress\/wp-json\/wp\/v2\/types\/post"}],"author":[{"embeddable":true,"href":"https:\/\/sv-koerne83.de\/wordpress\/wp-json\/wp\/v2\/users\/2"}],"replies":[{"embeddable":true,"href":"https:\/\/sv-koerne83.de\/wordpress\/wp-json\/wp\/v2\/comments?post=1523"}],"version-history":[{"count":3,"href":"https:\/\/sv-koerne83.de\/wordpress\/wp-json\/wp\/v2\/posts\/1523\/revisions"}],"predecessor-version":[{"id":1526,"href":"https:\/\/sv-koerne83.de\/wordpress\/wp-json\/wp\/v2\/posts\/1523\/revisions\/1526"}],"wp:featuredmedia":[{"embeddable":true,"href":"https:\/\/sv-koerne83.de\/wordpress\/wp-json\/wp\/v2\/media\/1522"}],"wp:attachment":[{"href":"https:\/\/sv-koerne83.de\/wordpress\/wp-json\/wp\/v2\/media?parent=1523"}],"wp:term":[{"taxonomy":"category","embeddable":true,"href":"https:\/\/sv-koerne83.de\/wordpress\/wp-json\/wp\/v2\/categories?post=1523"},{"taxonomy":"post_tag","embeddable":true,"href":"https:\/\/sv-koerne83.de\/wordpress\/wp-json\/wp\/v2\/tags?post=1523"}],"curies":[{"name":"wp","href":"https:\/\/api.w.org\/{rel}","templated":true}]}}