{"id":1530,"date":"2020-07-25T14:42:30","date_gmt":"2020-07-25T12:42:30","guid":{"rendered":"https:\/\/sv-koerne83.de\/wordpress\/?p=1530"},"modified":"2020-07-25T17:28:17","modified_gmt":"2020-07-25T15:28:17","slug":"vorbericht-b-jugend-westfalia-kirchlinde","status":"publish","type":"post","link":"https:\/\/sv-koerne83.de\/wordpress\/2020\/07\/25\/vorbericht-b-jugend-westfalia-kirchlinde\/","title":{"rendered":"Vorbericht: B-Jugend &#8211; Westfalia Kirchlinde"},"content":{"rendered":"\n<p>Am morgigen Sonntag, 26.07.2020 trifft unsere B Jugend im zweiten Testspiel der Vorbereitung gegen Westfalia Kirchlinde an.<br>Die Truppe von G\u00e4ste Trainer Marco Grahl, tritt in der neuen Saison ebenfalls in der Kreisliga B an. Beide Teams standen sich letztes Jahr im C-Jugend Kreispokal gegen\u00fcber. Hier konnte die Westfalia mit 0:4 in die n\u00e4chste Runde einziehen.<\/p>\n\n\n\n<p>Der Gastgeber wird nat\u00fcrlich versuchen sich gut zu pr\u00e4sentieren. Es gilt vorallem an die zweite Halbzeit des Gastspieles vor einer Wochen in Hennen anzukn\u00fcpfen. <\/p>\n\n\n\n<p>Ansto\u00df ist um 10.00 Uhr auf dem heimischen Sportplatz am Winkelriedweg.<\/p>\n","protected":false},"excerpt":{"rendered":"<p>Am morgigen Sonntag, 26.07.2020 trifft unsere B Jugend im zweiten Testspiel der Vorbereitung gegen Westfalia Kirchlinde an.Die Truppe von G\u00e4ste Trainer Marco Grahl, tritt in der neuen Saison ebenfalls in [&hellip;]<\/p>\n","protected":false},"author":3,"featured_media":1537,"comment_status":"closed","ping_status":"open","sticky":false,"template":"","format":"standard","meta":{"_jetpack_memberships_contains_paid_content":false,"footnotes":""},"categories":[1,35],"tags":[],"class_list":["post-1530","post","type-post","status-publish","format-standard","has-post-thumbnail","hentry","category-allgemein","category-jugend"],"jetpack_sharing_enabled":true,"jetpack_featured_media_url":"https:\/\/sv-koerne83.de\/wordpress\/wp-content\/uploads\/2020\/07\/15956908360986203072307900797977.jpg","_links":{"self":[{"href":"https:\/\/sv-koerne83.de\/wordpress\/wp-json\/wp\/v2\/posts\/1530","targetHints":{"allow":["GET"]}}],"collection":[{"href":"https:\/\/sv-koerne83.de\/wordpress\/wp-json\/wp\/v2\/posts"}],"about":[{"href":"https:\/\/sv-koerne83.de\/wordpress\/wp-json\/wp\/v2\/types\/post"}],"author":[{"embeddable":true,"href":"https:\/\/sv-koerne83.de\/wordpress\/wp-json\/wp\/v2\/users\/3"}],"replies":[{"embeddable":true,"href":"https:\/\/sv-koerne83.de\/wordpress\/wp-json\/wp\/v2\/comments?post=1530"}],"version-history":[{"count":1,"href":"https:\/\/sv-koerne83.de\/wordpress\/wp-json\/wp\/v2\/posts\/1530\/revisions"}],"predecessor-version":[{"id":1531,"href":"https:\/\/sv-koerne83.de\/wordpress\/wp-json\/wp\/v2\/posts\/1530\/revisions\/1531"}],"wp:featuredmedia":[{"embeddable":true,"href":"https:\/\/sv-koerne83.de\/wordpress\/wp-json\/wp\/v2\/media\/1537"}],"wp:attachment":[{"href":"https:\/\/sv-koerne83.de\/wordpress\/wp-json\/wp\/v2\/media?parent=1530"}],"wp:term":[{"taxonomy":"category","embeddable":true,"href":"https:\/\/sv-koerne83.de\/wordpress\/wp-json\/wp\/v2\/categories?post=1530"},{"taxonomy":"post_tag","embeddable":true,"href":"https:\/\/sv-koerne83.de\/wordpress\/wp-json\/wp\/v2\/tags?post=1530"}],"curies":[{"name":"wp","href":"https:\/\/api.w.org\/{rel}","templated":true}]}}