{"id":1539,"date":"2020-07-26T21:17:36","date_gmt":"2020-07-26T19:17:36","guid":{"rendered":"https:\/\/sv-koerne83.de\/wordpress\/?p=1539"},"modified":"2020-08-02T11:14:19","modified_gmt":"2020-08-02T09:14:19","slug":"b-jugend-siegreich-im-testspiel-gegen-kirchlinde","status":"publish","type":"post","link":"https:\/\/sv-koerne83.de\/wordpress\/2020\/07\/26\/b-jugend-siegreich-im-testspiel-gegen-kirchlinde\/","title":{"rendered":"B-Jugend siegreich im Testspiel gegen Kirchlinde"},"content":{"rendered":"\n<p>Am heutigen Sonntag durfte unsere B-Jugend endlich wieder zuhause ein richtiges Spiel bestreiten. Trotz der fr\u00fchen Ansto\u00dfzeit um 10.00 Uhr, war der Platz gut besucht. Viele Eltern beider Teams feuerten die Teams an.<\/p>\n\n\n\n<p>Der Gast aus Kirchlinde erwischte den besseren Start und ging bereits in der zweiten Minute in F\u00fchrung. Mike Konrad, der kurzfristig ins Team rutschte, gelang kurz danach der Ausgleich. Allerdings blieb die Westfalia weiter sehr gef\u00e4hrlich und ging nach elf Minuten erneut in F\u00fchrung. Nach zwanzig Minuten wachte K\u00f6rne endlich komplett auf und konnte das Spiel an sich rei\u00dfen. Sch\u00f6ne Spielz\u00fcge konnten danach endlich in Tore umgem\u00fcnzt werden. Zur Halbzeit stand es 5:2 f\u00fcr den SVK.<\/p>\n\n\n\n<p>Zu Beginn der zweiten Halbzeit war es erneut Kirchlinde, die den besseren Start hatten und eine gute Chance allerdings nicht nutzen konnte. Im direkten Gegenzug erzielte Aris seinen Hattrick. Mit diesem Tor fiel es den Gastgebern noch leichter Chancen zu kreieren, die dann auch in Tore verwertet wurden.<\/p>\n\n\n\n<p>Am Ende stand ein verdienter 8:2 Heimsieg. <br>Die einzigen leichten Kritikpunkte war die Chancenverwertung, die Einw\u00fcrfe und das zu h\u00e4ufige Laufen ins Abseits. <\/p>\n\n\n\n<p>Alles in allem eine deutliche Steigerung zur vergangenen Woche. Zudem konnte das Tempo und die Schlagzahl in der zweiten Halbzeit nochmal gesteigert werden.<\/p>\n\n\n\n<p>Jetzt hei\u00dft es, weiter intensiv arbeiten und den n\u00e4chsten Schritt im spielerischen Bereich gehen.<\/p>\n\n\n\n<p><strong>SV K\u00f6rne 83 &#8211; Westfalia Kirchlinde 8:2 (5:2)<\/strong><br>Aufstellung: 1 Halidov, 2 Boye-Sekan, 3 Shamradi, 8 El Mohammed, 9 Gettel, 12 Razag Abdul Wahab, 14 Litis, 16 Konrad, 18 Reidinger, 19, 21 Opiela ( 41. 15 Adonaijo Arispe), 22 Wangerowski (c) (23. 20 El Bakouri) <br><br>Tore: 0:1 (2.), <strong>1:1 Konrad (5.)<\/strong>, 1:2 (11.), <strong>2:2 Litis (15.)<\/strong>, <strong>3:2 Boye-Sekan (19.)<\/strong>, <strong>4:2 Litis (24.), 5:2 Konrad (26.), 6:2 Litis (45.), 7:2 El Mohammed (70.), 8:2 Shamradi (76.) <\/strong><\/p>\n\n\n\n<p><strong>N\u00e4chster Termin:<br>Samstag 01.08.2020 13.30 Uhr<br>Testspiel:<br>SV K\u00f6rne 83 &#8211; RW Barop<\/strong><\/p>\n\n\n\n<p> <\/p>\n","protected":false},"excerpt":{"rendered":"<p>Am heutigen Sonntag durfte unsere B-Jugend endlich wieder zuhause ein richtiges Spiel bestreiten. Trotz der fr\u00fchen Ansto\u00dfzeit um 10.00 Uhr, war der Platz gut besucht. Viele Eltern beider Teams feuerten [&hellip;]<\/p>\n","protected":false},"author":3,"featured_media":1536,"comment_status":"closed","ping_status":"open","sticky":false,"template":"","format":"standard","meta":{"_jetpack_memberships_contains_paid_content":false,"footnotes":""},"categories":[1,35],"tags":[],"class_list":["post-1539","post","type-post","status-publish","format-standard","has-post-thumbnail","hentry","category-allgemein","category-jugend"],"jetpack_sharing_enabled":true,"jetpack_featured_media_url":"https:\/\/sv-koerne83.de\/wordpress\/wp-content\/uploads\/2020\/07\/15956907873745334580078156710754.jpg","_links":{"self":[{"href":"https:\/\/sv-koerne83.de\/wordpress\/wp-json\/wp\/v2\/posts\/1539","targetHints":{"allow":["GET"]}}],"collection":[{"href":"https:\/\/sv-koerne83.de\/wordpress\/wp-json\/wp\/v2\/posts"}],"about":[{"href":"https:\/\/sv-koerne83.de\/wordpress\/wp-json\/wp\/v2\/types\/post"}],"author":[{"embeddable":true,"href":"https:\/\/sv-koerne83.de\/wordpress\/wp-json\/wp\/v2\/users\/3"}],"replies":[{"embeddable":true,"href":"https:\/\/sv-koerne83.de\/wordpress\/wp-json\/wp\/v2\/comments?post=1539"}],"version-history":[{"count":3,"href":"https:\/\/sv-koerne83.de\/wordpress\/wp-json\/wp\/v2\/posts\/1539\/revisions"}],"predecessor-version":[{"id":1565,"href":"https:\/\/sv-koerne83.de\/wordpress\/wp-json\/wp\/v2\/posts\/1539\/revisions\/1565"}],"wp:featuredmedia":[{"embeddable":true,"href":"https:\/\/sv-koerne83.de\/wordpress\/wp-json\/wp\/v2\/media\/1536"}],"wp:attachment":[{"href":"https:\/\/sv-koerne83.de\/wordpress\/wp-json\/wp\/v2\/media?parent=1539"}],"wp:term":[{"taxonomy":"category","embeddable":true,"href":"https:\/\/sv-koerne83.de\/wordpress\/wp-json\/wp\/v2\/categories?post=1539"},{"taxonomy":"post_tag","embeddable":true,"href":"https:\/\/sv-koerne83.de\/wordpress\/wp-json\/wp\/v2\/tags?post=1539"}],"curies":[{"name":"wp","href":"https:\/\/api.w.org\/{rel}","templated":true}]}}