{"id":1555,"date":"2020-07-31T10:09:16","date_gmt":"2020-07-31T08:09:16","guid":{"rendered":"https:\/\/sv-koerne83.de\/wordpress\/?p=1555"},"modified":"2020-07-31T10:14:46","modified_gmt":"2020-07-31T08:14:46","slug":"vorbericht-b-jugend-rw-barop","status":"publish","type":"post","link":"https:\/\/sv-koerne83.de\/wordpress\/2020\/07\/31\/vorbericht-b-jugend-rw-barop\/","title":{"rendered":"Vorbericht: B-Jugend &#8211; RW Barop"},"content":{"rendered":"<p>Auch dieses Wochenende testet unsere B-Jugend wieder. Erneut ist der Austragungsort der heimische &#8222;Affenk\u00e4fig&#8220;. Der Gegner, am morgigen Samstag 01.08.2020, ist Rot Wei\u00df Barop.&nbsp;<\/p>\n<p><!--StartFragment--><\/p>\n<p>Der Gegner bestreitet sein erstes Testspiel und wird in der neuen Saison in der Kreisliga B antreten.<\/p>\n<p>Der SV K\u00f6rne 83 konnte in der vergangenen Woche \u00fcberzeugen und besiegte Westfalia Kirchlinde mit 8:2. Nach einer intensiven Trainingswoche wird es sicherlich ein guter Test f\u00fcr die K\u00f6rner. Die Wettervorhersage verspricht ein &#8222;hei\u00dfes&#8220; Spiel, da man davon ausgehen kann das es \u00fcber 30 Grad werden wird.<\/p>\n<p>Verletzungsbedingt nicht dabei sind Rene Wangerowski und Noel Boye-Sekan. Es handelt sich Stand jetzt allerdings nur um kleinere Verletzungen, so dass beide schnellstens wieder auf dem Platz stehen werden.<\/p>\n<p>Ansto\u00df ist um 13.30 Uhr auf dem heimischen Sportplatz am Winkelriedweg.<\/p>\n\n\n<p><\/p>\n\n\n<p><!--EndFragment--><\/p>","protected":false},"excerpt":{"rendered":"<p>Auch dieses Wochenende testet unsere B-Jugend wieder. Erneut ist der Austragungsort der heimische &#8222;Affenk\u00e4fig&#8220;. Der Gegner, am morgigen Samstag 01.08.2020, ist Rot Wei\u00df Barop.&nbsp; Der Gegner bestreitet sein erstes Testspiel [&hellip;]<\/p>\n","protected":false},"author":3,"featured_media":1558,"comment_status":"closed","ping_status":"open","sticky":false,"template":"","format":"standard","meta":{"_jetpack_memberships_contains_paid_content":false,"footnotes":""},"categories":[1,35],"tags":[],"class_list":["post-1555","post","type-post","status-publish","format-standard","has-post-thumbnail","hentry","category-allgemein","category-jugend"],"jetpack_sharing_enabled":true,"jetpack_featured_media_url":"https:\/\/sv-koerne83.de\/wordpress\/wp-content\/uploads\/2020\/07\/20200731_095628.jpg","_links":{"self":[{"href":"https:\/\/sv-koerne83.de\/wordpress\/wp-json\/wp\/v2\/posts\/1555","targetHints":{"allow":["GET"]}}],"collection":[{"href":"https:\/\/sv-koerne83.de\/wordpress\/wp-json\/wp\/v2\/posts"}],"about":[{"href":"https:\/\/sv-koerne83.de\/wordpress\/wp-json\/wp\/v2\/types\/post"}],"author":[{"embeddable":true,"href":"https:\/\/sv-koerne83.de\/wordpress\/wp-json\/wp\/v2\/users\/3"}],"replies":[{"embeddable":true,"href":"https:\/\/sv-koerne83.de\/wordpress\/wp-json\/wp\/v2\/comments?post=1555"}],"version-history":[{"count":2,"href":"https:\/\/sv-koerne83.de\/wordpress\/wp-json\/wp\/v2\/posts\/1555\/revisions"}],"predecessor-version":[{"id":1560,"href":"https:\/\/sv-koerne83.de\/wordpress\/wp-json\/wp\/v2\/posts\/1555\/revisions\/1560"}],"wp:featuredmedia":[{"embeddable":true,"href":"https:\/\/sv-koerne83.de\/wordpress\/wp-json\/wp\/v2\/media\/1558"}],"wp:attachment":[{"href":"https:\/\/sv-koerne83.de\/wordpress\/wp-json\/wp\/v2\/media?parent=1555"}],"wp:term":[{"taxonomy":"category","embeddable":true,"href":"https:\/\/sv-koerne83.de\/wordpress\/wp-json\/wp\/v2\/categories?post=1555"},{"taxonomy":"post_tag","embeddable":true,"href":"https:\/\/sv-koerne83.de\/wordpress\/wp-json\/wp\/v2\/tags?post=1555"}],"curies":[{"name":"wp","href":"https:\/\/api.w.org\/{rel}","templated":true}]}}