{"id":1561,"date":"2020-07-31T12:11:46","date_gmt":"2020-07-31T10:11:46","guid":{"rendered":"https:\/\/sv-koerne83.de\/wordpress\/?p=1561"},"modified":"2020-07-31T12:11:46","modified_gmt":"2020-07-31T10:11:46","slug":"testspiele","status":"publish","type":"post","link":"https:\/\/sv-koerne83.de\/wordpress\/2020\/07\/31\/testspiele\/","title":{"rendered":"Testspiele"},"content":{"rendered":"\n<p>F\u00fcr einige Teams hei\u00dft es an diesem Wochenende wieder \u201eZeit f\u00fcr Testspiele\u201c.&nbsp;<\/p>\n\n\n\n<p>Die B-Jugend empf\u00e4ngt am Samstag das Team von RW Barop. Ansto\u00df am Winkelriedweg ist um 13.30 Uhr.&nbsp;<\/p>\n\n\n\n<p>Am Sonntag trifft die 3. Mannschaft auf den Ortsnachbarn \u00d6SG Viktoria II. Ansto\u00df ist um 13.00 Uhr.&nbsp;<\/p>\n\n\n\n<p>Die 2. Mannschaft reist zu Urania L\u00fctgendortmund. Ansto\u00df an der Limbecker Stra\u00dfe ist um 15.30 Uhr.&nbsp;<\/p>\n\n\n\n<p>Die 1. Mannschaft empf\u00e4ngt den SuS Kaiserau II. Ansto\u00df am Winkelriedweg ist um 16.00 Uhr.&nbsp;<\/p>\n","protected":false},"excerpt":{"rendered":"<p>F\u00fcr einige Teams hei\u00dft es an diesem Wochenende wieder \u201eZeit f\u00fcr Testspiele\u201c.&nbsp; Die B-Jugend empf\u00e4ngt am Samstag das Team von RW Barop. Ansto\u00df am Winkelriedweg ist um 13.30 Uhr.&nbsp; Am [&hellip;]<\/p>\n","protected":false},"author":2,"featured_media":636,"comment_status":"closed","ping_status":"open","sticky":false,"template":"","format":"standard","meta":{"_jetpack_memberships_contains_paid_content":false,"footnotes":""},"categories":[30,31,32,1,35],"tags":[],"class_list":["post-1561","post","type-post","status-publish","format-standard","has-post-thumbnail","hentry","category-1-mannschaft","category-2-mannschaft","category-3-mannschaft","category-allgemein","category-jugend"],"jetpack_sharing_enabled":true,"jetpack_featured_media_url":"https:\/\/sv-koerne83.de\/wordpress\/wp-content\/uploads\/2019\/08\/77E993B1-5477-4ACA-911C-6CE379BDCA33.jpeg","_links":{"self":[{"href":"https:\/\/sv-koerne83.de\/wordpress\/wp-json\/wp\/v2\/posts\/1561","targetHints":{"allow":["GET"]}}],"collection":[{"href":"https:\/\/sv-koerne83.de\/wordpress\/wp-json\/wp\/v2\/posts"}],"about":[{"href":"https:\/\/sv-koerne83.de\/wordpress\/wp-json\/wp\/v2\/types\/post"}],"author":[{"embeddable":true,"href":"https:\/\/sv-koerne83.de\/wordpress\/wp-json\/wp\/v2\/users\/2"}],"replies":[{"embeddable":true,"href":"https:\/\/sv-koerne83.de\/wordpress\/wp-json\/wp\/v2\/comments?post=1561"}],"version-history":[{"count":1,"href":"https:\/\/sv-koerne83.de\/wordpress\/wp-json\/wp\/v2\/posts\/1561\/revisions"}],"predecessor-version":[{"id":1562,"href":"https:\/\/sv-koerne83.de\/wordpress\/wp-json\/wp\/v2\/posts\/1561\/revisions\/1562"}],"wp:featuredmedia":[{"embeddable":true,"href":"https:\/\/sv-koerne83.de\/wordpress\/wp-json\/wp\/v2\/media\/636"}],"wp:attachment":[{"href":"https:\/\/sv-koerne83.de\/wordpress\/wp-json\/wp\/v2\/media?parent=1561"}],"wp:term":[{"taxonomy":"category","embeddable":true,"href":"https:\/\/sv-koerne83.de\/wordpress\/wp-json\/wp\/v2\/categories?post=1561"},{"taxonomy":"post_tag","embeddable":true,"href":"https:\/\/sv-koerne83.de\/wordpress\/wp-json\/wp\/v2\/tags?post=1561"}],"curies":[{"name":"wp","href":"https:\/\/api.w.org\/{rel}","templated":true}]}}