{"id":1563,"date":"2020-08-02T11:26:46","date_gmt":"2020-08-02T09:26:46","guid":{"rendered":"https:\/\/sv-koerne83.de\/wordpress\/?p=1563"},"modified":"2020-08-10T22:57:59","modified_gmt":"2020-08-10T20:57:59","slug":"b-jugend-mit-testspielniederlage-gegen-rw-barop","status":"publish","type":"post","link":"https:\/\/sv-koerne83.de\/wordpress\/2020\/08\/02\/b-jugend-mit-testspielniederlage-gegen-rw-barop\/","title":{"rendered":"B-Jugend mit Testspielniederlage gegen RW Barop"},"content":{"rendered":"\n<p>Am gestrigen Samstag Mittag traf unsere B-Jugend auf die Mannschaft von RW Barop .<\/p>\n\n\n\n<p>Wie schon im Heimspiel letzte Woche gegen Kirchlinde verschlief man die ersten 15 Minuten komplett. Ungenaues Passspiel und keine Zweikampff\u00fchrung brachten den Gast schnell mit 0:2 in F\u00fchrung. Joshua setzte eine Freisto\u00df aus gut 25 Metern an den Pfosten, den Nachschuss konnte Aynur zum Anschlusstreffer verwerten. Immer wieder wurde vorm Tor die falsche Entscheidung getroffen. Kurz vor der Halbzeit erh\u00f6hte Barop auf 1:3. <\/p>\n\n\n\n<p>Nach der Halbzeit konnte Nahuel schnell den Gastgeber wieder ranbringen. Mehrere klare Chancen wurden leider nicht weiter genutzt. Die G\u00e4ste wiederum blieben durch Konter gef\u00e4hrlich und h\u00e4tten eigentlich schon sehr fr\u00fch den Sack zu machen k\u00f6nnen. Allerdings scheiterten sie immer wieder am sehr gut aufgelegten Alex im Tor der K\u00f6rner oder am eigenen Unverm\u00f6gen. Kurz vor Schluss entschied RW Barop dann die Partie als man im zweiten Versuch den Ball \u00fcber die Linie dr\u00fcckte.<\/p>\n\n\n\n<p>Dem SVK fehlte heute sehr oft die Ruhe am Ball. Es wurde zu wenig aufs Tor geschossen. Lieber spielte man um den Sechzehnmeterraum herum und wollte durch Bingos oder Einzelaktionen auftrumpfen. Auch die Laufbereitschaft bei einigen Spielern lie\u00df zu w\u00fcnschen \u00fcbrig. <\/p>\n\n\n\n<p>Die beiden R\u00fcckkehrer Herv\u00e9 und Aynur f\u00fcgten sich gut ins Team ein. Es gilt nun die Vorbereitung weiter zu nutzten, damit man auf den Punkt am ersten Spieltag da ist.<\/p>\n\n\n\n<p><strong>SV K\u00f6rne 83 &#8211; RW Barop 2:4 (1:3)<\/strong><br>Aufstellung: 1 Halidov, 3 Shamradi, 9 Gettel, 11 Zaydev, 12 Razag Abdul Wahab, 13 Nguendiama (41. 19. Amhaouch), 14 Litis (41. 5 Khassyanov),  15 Adonaijo Arispe (c), 18 Reidinger,  20 El Bakouri , 21 Opiela ( 41. 6 Hossain)<\/p>\n\n\n\n<p>Tore: 0:1 (10.), 0:2 (15.), <strong>1:2 Zaydev (21.),<\/strong> 1:3 (35.), <strong>2:3  Adonaijo Arispe  (60.)<\/strong>, 2:4 (72.)<strong> <\/strong><\/p>\n\n\n\n<p><strong>N\u00e4chster Termin:<\/strong><br><strong>Sonntag 09.08.2020 10.00 Uhr<br>Testspiel:<br>SV K\u00f6rne 83 &#8211; Mengede 08\/20<\/strong><\/p>\n","protected":false},"excerpt":{"rendered":"<p>Am gestrigen Samstag Mittag traf unsere B-Jugend auf die Mannschaft von RW Barop . Wie schon im Heimspiel letzte Woche gegen Kirchlinde verschlief man die ersten 15 Minuten komplett. Ungenaues [&hellip;]<\/p>\n","protected":false},"author":3,"featured_media":1570,"comment_status":"closed","ping_status":"open","sticky":false,"template":"","format":"standard","meta":{"_jetpack_memberships_contains_paid_content":false,"footnotes":""},"categories":[1,35],"tags":[],"class_list":["post-1563","post","type-post","status-publish","format-standard","has-post-thumbnail","hentry","category-allgemein","category-jugend"],"jetpack_sharing_enabled":true,"jetpack_featured_media_url":"https:\/\/sv-koerne83.de\/wordpress\/wp-content\/uploads\/2020\/08\/IMG-20200802-WA0001.jpg","_links":{"self":[{"href":"https:\/\/sv-koerne83.de\/wordpress\/wp-json\/wp\/v2\/posts\/1563","targetHints":{"allow":["GET"]}}],"collection":[{"href":"https:\/\/sv-koerne83.de\/wordpress\/wp-json\/wp\/v2\/posts"}],"about":[{"href":"https:\/\/sv-koerne83.de\/wordpress\/wp-json\/wp\/v2\/types\/post"}],"author":[{"embeddable":true,"href":"https:\/\/sv-koerne83.de\/wordpress\/wp-json\/wp\/v2\/users\/3"}],"replies":[{"embeddable":true,"href":"https:\/\/sv-koerne83.de\/wordpress\/wp-json\/wp\/v2\/comments?post=1563"}],"version-history":[{"count":6,"href":"https:\/\/sv-koerne83.de\/wordpress\/wp-json\/wp\/v2\/posts\/1563\/revisions"}],"predecessor-version":[{"id":1596,"href":"https:\/\/sv-koerne83.de\/wordpress\/wp-json\/wp\/v2\/posts\/1563\/revisions\/1596"}],"wp:featuredmedia":[{"embeddable":true,"href":"https:\/\/sv-koerne83.de\/wordpress\/wp-json\/wp\/v2\/media\/1570"}],"wp:attachment":[{"href":"https:\/\/sv-koerne83.de\/wordpress\/wp-json\/wp\/v2\/media?parent=1563"}],"wp:term":[{"taxonomy":"category","embeddable":true,"href":"https:\/\/sv-koerne83.de\/wordpress\/wp-json\/wp\/v2\/categories?post=1563"},{"taxonomy":"post_tag","embeddable":true,"href":"https:\/\/sv-koerne83.de\/wordpress\/wp-json\/wp\/v2\/tags?post=1563"}],"curies":[{"name":"wp","href":"https:\/\/api.w.org\/{rel}","templated":true}]}}