{"id":1576,"date":"2020-08-06T15:48:30","date_gmt":"2020-08-06T13:48:30","guid":{"rendered":"https:\/\/sv-koerne83.de\/wordpress\/?p=1576"},"modified":"2020-08-06T15:48:31","modified_gmt":"2020-08-06T13:48:31","slug":"koerner-treff-am-15-08-2020","status":"publish","type":"post","link":"https:\/\/sv-koerne83.de\/wordpress\/2020\/08\/06\/koerner-treff-am-15-08-2020\/","title":{"rendered":"K\u00f6rner Treff am 15.08.2020"},"content":{"rendered":"\n<p>In diesem Jahr findet der K\u00f6rner Treff nicht wie gewohnt statt. In einer abgespeckten Version findet die Veranstaltung dieses Jahr auf der Sportanlage vom SV K\u00f6rne 83 statt. Zus\u00e4tzlich wird es nur den Samstag als Veranstaltungstag geben. Neben der Nachwuchss\u00e4ngerin Annika Wulf aus Rheine wird auch DJ Ralf, bekannt von der Antonella Rossi Show, die G\u00e4ste mit Musik versorgen. <\/p>\n\n\n\n<p>Ein Teamwork der beiden Sportvereine DJK TuS K\u00f6rne und SV K\u00f6rne 83 erm\u00f6glichen in diesem Jahr das Bereitstellen von Speisen und Getr\u00e4nken. <\/p>\n\n\n\n<p>Die Eintrittskarten kosten 5 Euro und sind nur im Vorverkauf erh\u00e4ltlich. Erworben werden k\u00f6nnen die Karten sowohl beim DJK TuS K\u00f6rne als auch beim SV K\u00f6rne 83 im Vereinsheim.<\/p>\n","protected":false},"excerpt":{"rendered":"<p>In diesem Jahr findet der K\u00f6rner Treff nicht wie gewohnt statt. In einer abgespeckten Version findet die Veranstaltung dieses Jahr auf der Sportanlage vom SV K\u00f6rne 83 statt. Zus\u00e4tzlich wird [&hellip;]<\/p>\n","protected":false},"author":2,"featured_media":1575,"comment_status":"closed","ping_status":"open","sticky":false,"template":"","format":"standard","meta":{"_jetpack_memberships_contains_paid_content":false,"footnotes":""},"categories":[1],"tags":[],"class_list":["post-1576","post","type-post","status-publish","format-standard","has-post-thumbnail","hentry","category-allgemein"],"jetpack_sharing_enabled":true,"jetpack_featured_media_url":"https:\/\/sv-koerne83.de\/wordpress\/wp-content\/uploads\/2020\/08\/koerner_treff_2020.jpg","_links":{"self":[{"href":"https:\/\/sv-koerne83.de\/wordpress\/wp-json\/wp\/v2\/posts\/1576","targetHints":{"allow":["GET"]}}],"collection":[{"href":"https:\/\/sv-koerne83.de\/wordpress\/wp-json\/wp\/v2\/posts"}],"about":[{"href":"https:\/\/sv-koerne83.de\/wordpress\/wp-json\/wp\/v2\/types\/post"}],"author":[{"embeddable":true,"href":"https:\/\/sv-koerne83.de\/wordpress\/wp-json\/wp\/v2\/users\/2"}],"replies":[{"embeddable":true,"href":"https:\/\/sv-koerne83.de\/wordpress\/wp-json\/wp\/v2\/comments?post=1576"}],"version-history":[{"count":1,"href":"https:\/\/sv-koerne83.de\/wordpress\/wp-json\/wp\/v2\/posts\/1576\/revisions"}],"predecessor-version":[{"id":1577,"href":"https:\/\/sv-koerne83.de\/wordpress\/wp-json\/wp\/v2\/posts\/1576\/revisions\/1577"}],"wp:featuredmedia":[{"embeddable":true,"href":"https:\/\/sv-koerne83.de\/wordpress\/wp-json\/wp\/v2\/media\/1575"}],"wp:attachment":[{"href":"https:\/\/sv-koerne83.de\/wordpress\/wp-json\/wp\/v2\/media?parent=1576"}],"wp:term":[{"taxonomy":"category","embeddable":true,"href":"https:\/\/sv-koerne83.de\/wordpress\/wp-json\/wp\/v2\/categories?post=1576"},{"taxonomy":"post_tag","embeddable":true,"href":"https:\/\/sv-koerne83.de\/wordpress\/wp-json\/wp\/v2\/tags?post=1576"}],"curies":[{"name":"wp","href":"https:\/\/api.w.org\/{rel}","templated":true}]}}