{"id":1582,"date":"2020-08-08T09:37:48","date_gmt":"2020-08-08T07:37:48","guid":{"rendered":"https:\/\/sv-koerne83.de\/wordpress\/?p=1582"},"modified":"2020-08-08T09:37:49","modified_gmt":"2020-08-08T07:37:49","slug":"37-koerner-treff-auf-der-anlage-des-sv-koerne-83","status":"publish","type":"post","link":"https:\/\/sv-koerne83.de\/wordpress\/2020\/08\/08\/37-koerner-treff-auf-der-anlage-des-sv-koerne-83\/","title":{"rendered":"37. K\u00f6rner Treff auf der Anlage des SV K\u00f6rne 83"},"content":{"rendered":"\n<h2 class=\"wp-block-heading\">Corona zwingt zum Umdenken<\/h2>\n\n\n\n<p>Da der K\u00f6rner Treff wegen der Corona Auflagen weder am gewohnten Ort noch in der gewohnten Form stattfinden kann, hat sich der<strong>&nbsp;Veranstalter SV K\u00f6rne 83<\/strong>&nbsp;entschlossen, eine abgespeckte Version mit<strong>&nbsp;Biergartenatmosph\u00e4re bei begrenzter Personenzahl (200 Teilnehmer)&nbsp;<\/strong>durchzuf\u00fchren.<\/p>\n\n\n\n<h2 class=\"wp-block-heading\">Wann? Wo? Wie teuer?<\/h2>\n\n\n\n<p><strong>Samstag, 15.August, ab 17:00 Uhr<\/strong><br><strong>Sportanlage des SV K\u00f6rne 83, Winkelriedweg 2<br>Eintritt 5\u20ac &#8211; Karten nur im Vorverkauf (s. Textende) *<\/strong><\/p>\n\n\n\n<h2 class=\"wp-block-heading\">Programm<\/h2>\n\n\n\n<p>Nachdem die Veranstaltung mit dem Travestiek\u00fcnstler Antonella Rossi am 04. Juli unter Einhaltung der Hygienevorschriften problemlos \u00fcber die B\u00fchne ging, war klar, dass auch der K\u00f6rner Treff auf der Anlage stattfinden kann.<\/p>\n\n\n\n<p>Gesagt, getan &#8211; wurden die Vorbereitungen schnell in Gang gesetzt und K\u00fcnstler f\u00fcr das Programm engagiert.<\/p>\n\n\n\n<p>Neben der Nachwuchss\u00e4ngerin&nbsp;<strong>Annika Wulf<\/strong>&nbsp;aus Rheine, die im letzten Jahr den<strong>&nbsp;\u201eRockpreis Rheine\u201c&nbsp;<\/strong>gewinnen konnte<strong>,&nbsp;<\/strong>wird auch der von der Antonella Rossi Show bekannte&nbsp;<strong>DJ Ralf&nbsp;<\/strong>die G\u00e4ste mit Musik versorgen.<\/p>\n\n\n\n<p>Zur Freude des Veranstalters hat&nbsp;<strong>Antonella Rossi&nbsp;<\/strong>spontan zugesagt, eine&nbsp;<strong>45min\u00fctige Einlage&nbsp;<\/strong>zu geben!<\/p>\n\n\n\n<h2 class=\"wp-block-heading\">K\u00f6rner Teamwork<\/h2>\n\n\n\n<p>Die Zusammenarbeit der beiden Sportvereine<strong>&nbsp;DJK TuS K\u00f6rne&nbsp;<\/strong>und&nbsp;<strong>SV K\u00f6rne 83<\/strong>&nbsp;erm\u00f6glicht in diesem Jahr das Bereitstellen von Speisen und Getr\u00e4nken.<\/p>\n\n\n\n<p>Auch wenn in diesen Zeiten vieles anders ist, so erhofft sich der Veranstalter einen regen Zulauf an Besuchern des 37. K\u00f6rner Treffs.<\/p>\n\n\n\n<h2 class=\"wp-block-heading\">Ratsvertreter Heinz-Dieter D\u00fcdder er\u00f6ffnet die Veranstaltung<\/h2>\n\n\n\n<p>Diese Tatsache unterstreicht den hohen Stellenwert des K\u00f6rner Treffs, der sich seit \u00fcber 3 Jahrzehnten einer gro\u00dfen Beliebtheit erfreut.<br>Es soll nicht unerw\u00e4hnt bleiben, dass der 1. Vorsitzende\u00a0<strong>Eddy Hoffmann<\/strong>\u00a0einen gro\u00dfen Anteil daran hat, dass die Veranstaltung nicht ausfallen muss.<br><strong><br>*Die Eintrittskarten k\u00f6nnen ausschlie\u00dflich beim DKJ TuS K\u00f6rne oder SV K\u00f6rne 83 im Vereinsheim erstanden werden.<\/strong><\/p>\n\n\n\n<p><em>Text: Volker Oestreicher<br><\/em><\/p>\n","protected":false},"excerpt":{"rendered":"<p>Corona zwingt zum Umdenken Da der K\u00f6rner Treff wegen der Corona Auflagen weder am gewohnten Ort noch in der gewohnten Form stattfinden kann, hat sich der&nbsp;Veranstalter SV K\u00f6rne 83&nbsp;entschlossen, eine [&hellip;]<\/p>\n","protected":false},"author":2,"featured_media":1575,"comment_status":"closed","ping_status":"open","sticky":false,"template":"","format":"standard","meta":{"_jetpack_memberships_contains_paid_content":false,"footnotes":""},"categories":[1],"tags":[],"class_list":["post-1582","post","type-post","status-publish","format-standard","has-post-thumbnail","hentry","category-allgemein"],"jetpack_sharing_enabled":true,"jetpack_featured_media_url":"https:\/\/sv-koerne83.de\/wordpress\/wp-content\/uploads\/2020\/08\/koerner_treff_2020.jpg","_links":{"self":[{"href":"https:\/\/sv-koerne83.de\/wordpress\/wp-json\/wp\/v2\/posts\/1582","targetHints":{"allow":["GET"]}}],"collection":[{"href":"https:\/\/sv-koerne83.de\/wordpress\/wp-json\/wp\/v2\/posts"}],"about":[{"href":"https:\/\/sv-koerne83.de\/wordpress\/wp-json\/wp\/v2\/types\/post"}],"author":[{"embeddable":true,"href":"https:\/\/sv-koerne83.de\/wordpress\/wp-json\/wp\/v2\/users\/2"}],"replies":[{"embeddable":true,"href":"https:\/\/sv-koerne83.de\/wordpress\/wp-json\/wp\/v2\/comments?post=1582"}],"version-history":[{"count":1,"href":"https:\/\/sv-koerne83.de\/wordpress\/wp-json\/wp\/v2\/posts\/1582\/revisions"}],"predecessor-version":[{"id":1583,"href":"https:\/\/sv-koerne83.de\/wordpress\/wp-json\/wp\/v2\/posts\/1582\/revisions\/1583"}],"wp:featuredmedia":[{"embeddable":true,"href":"https:\/\/sv-koerne83.de\/wordpress\/wp-json\/wp\/v2\/media\/1575"}],"wp:attachment":[{"href":"https:\/\/sv-koerne83.de\/wordpress\/wp-json\/wp\/v2\/media?parent=1582"}],"wp:term":[{"taxonomy":"category","embeddable":true,"href":"https:\/\/sv-koerne83.de\/wordpress\/wp-json\/wp\/v2\/categories?post=1582"},{"taxonomy":"post_tag","embeddable":true,"href":"https:\/\/sv-koerne83.de\/wordpress\/wp-json\/wp\/v2\/tags?post=1582"}],"curies":[{"name":"wp","href":"https:\/\/api.w.org\/{rel}","templated":true}]}}