{"id":1584,"date":"2020-08-08T14:09:52","date_gmt":"2020-08-08T12:09:52","guid":{"rendered":"https:\/\/sv-koerne83.de\/wordpress\/?p=1584"},"modified":"2020-08-08T14:12:03","modified_gmt":"2020-08-08T12:12:03","slug":"vorbericht-b-jugend-mengede-08-20","status":"publish","type":"post","link":"https:\/\/sv-koerne83.de\/wordpress\/2020\/08\/08\/vorbericht-b-jugend-mengede-08-20\/","title":{"rendered":"Vorbericht: B-Jugend &#8211; Mengede 08\/20"},"content":{"rendered":"\n<p>Die Testspielphase unserer B-Jugend ist im vollen Gange. Am morgigen Sonntag, 09.08.2020, trifft die Mannschaft auf heimischen Boden auf das Team von Mengede 08\/20. Ansto\u00df ist um 10.00 Uhr<\/p>\n\n\n\n<p>F\u00fcr den Gast ist dies das erste Vorbereitungsspiel nach der Coronapause. In der kommenden Saison spielt man in der Kreisliga B.<\/p>\n\n\n\n<p>Der SVK kann nahezu aus dem vollen Sch\u00f6pfen, da bis auf St\u00fcrmer Cristian Frantzeskakis alle Spieler aus dem Urlaub zur\u00fcck sind. Durch Corona wird es im 15 Mann Kader auch H\u00e4rtef\u00e4lle geben, die nicht nominiert werden k\u00f6nnen. <\/p>\n\n\n\n<p>Geleitet wird die Partie von Schiedsrichter Jan Busse vom RW Barop. <\/p>\n","protected":false},"excerpt":{"rendered":"<p>Die Testspielphase unserer B-Jugend ist im vollen Gange. Am morgigen Sonntag, 09.08.2020, trifft die Mannschaft auf heimischen Boden auf das Team von Mengede 08\/20. Ansto\u00df ist um 10.00 Uhr F\u00fcr [&hellip;]<\/p>\n","protected":false},"author":3,"featured_media":1536,"comment_status":"closed","ping_status":"open","sticky":false,"template":"","format":"standard","meta":{"_jetpack_memberships_contains_paid_content":false,"footnotes":""},"categories":[1,35],"tags":[],"class_list":["post-1584","post","type-post","status-publish","format-standard","has-post-thumbnail","hentry","category-allgemein","category-jugend"],"jetpack_sharing_enabled":true,"jetpack_featured_media_url":"https:\/\/sv-koerne83.de\/wordpress\/wp-content\/uploads\/2020\/07\/15956907873745334580078156710754.jpg","_links":{"self":[{"href":"https:\/\/sv-koerne83.de\/wordpress\/wp-json\/wp\/v2\/posts\/1584","targetHints":{"allow":["GET"]}}],"collection":[{"href":"https:\/\/sv-koerne83.de\/wordpress\/wp-json\/wp\/v2\/posts"}],"about":[{"href":"https:\/\/sv-koerne83.de\/wordpress\/wp-json\/wp\/v2\/types\/post"}],"author":[{"embeddable":true,"href":"https:\/\/sv-koerne83.de\/wordpress\/wp-json\/wp\/v2\/users\/3"}],"replies":[{"embeddable":true,"href":"https:\/\/sv-koerne83.de\/wordpress\/wp-json\/wp\/v2\/comments?post=1584"}],"version-history":[{"count":2,"href":"https:\/\/sv-koerne83.de\/wordpress\/wp-json\/wp\/v2\/posts\/1584\/revisions"}],"predecessor-version":[{"id":1586,"href":"https:\/\/sv-koerne83.de\/wordpress\/wp-json\/wp\/v2\/posts\/1584\/revisions\/1586"}],"wp:featuredmedia":[{"embeddable":true,"href":"https:\/\/sv-koerne83.de\/wordpress\/wp-json\/wp\/v2\/media\/1536"}],"wp:attachment":[{"href":"https:\/\/sv-koerne83.de\/wordpress\/wp-json\/wp\/v2\/media?parent=1584"}],"wp:term":[{"taxonomy":"category","embeddable":true,"href":"https:\/\/sv-koerne83.de\/wordpress\/wp-json\/wp\/v2\/categories?post=1584"},{"taxonomy":"post_tag","embeddable":true,"href":"https:\/\/sv-koerne83.de\/wordpress\/wp-json\/wp\/v2\/tags?post=1584"}],"curies":[{"name":"wp","href":"https:\/\/api.w.org\/{rel}","templated":true}]}}