{"id":1590,"date":"2020-08-10T23:03:23","date_gmt":"2020-08-10T21:03:23","guid":{"rendered":"https:\/\/sv-koerne83.de\/wordpress\/?p=1590"},"modified":"2020-08-10T23:03:24","modified_gmt":"2020-08-10T21:03:24","slug":"b-jugend-mit-ueberzeugendem-heimsieg","status":"publish","type":"post","link":"https:\/\/sv-koerne83.de\/wordpress\/2020\/08\/10\/b-jugend-mit-ueberzeugendem-heimsieg\/","title":{"rendered":"B-Jugend mit \u00fcberzeugendem Heimsieg"},"content":{"rendered":"\n<p>Am gestrigen Sonntag Morgen gastierte Mengede 08\/20 in K\u00f6rne.<\/p>\n\n\n\n<p>Trotz der sehr warmen Temperaturen zeigten beide Teams ein gutes Spiel.<\/p>\n\n\n\n<p>Der Gastgeber konnte sich nach und nach immer besser freispielen. Besonders die linke Seite mit Noel und Aris wusste immer wieder mit gutem Tempo und tollen Spielz\u00fcgen zu \u00fcberzeugen. Nach einer feinen Flanke von Edgar, brachte Aris seine Farben in F\u00fchrung bringen konnte. Tarek konnte direkt nachlegen.  Mit 2:0 ging es dann in die Pause.<\/p>\n\n\n\n<p> In der Pause wurde durchgewechselt. Mengede bekam sehr schnell nach der Halbzeit einen Foulelfmeter zugesprochen. Alex war zwar in der richtigen Ecke, konnte allerdings gegen den platzierten Schuss nichts ausrichten.<\/p>\n\n\n\n<p>Zum Gl\u00fcck konnte der SVK direkt wieder das Heft in die Hand nehmen und es gelang immer wieder sehr gute Chancen herauszuspielen. Mansour und erneut Tarek erzielten dann mit jeweils Traum Freist\u00f6\u00dfen aus jeweils 25 Metern die beiden letzten Tore in dieser Partie.<\/p>\n\n\n\n<p>Der sehr konsequente Schiedsrichter verteilte drei gelbe Karten f\u00fcr K\u00f6rne und eine gelbe sowie eine rote Karte f\u00fcr den Mengede. Zus\u00e4tzlich gab es eine f\u00fcnfmin\u00fctige Zeitstrafe f\u00fcr K\u00f6rne und Zwei f\u00fcr Mengede. Kurioserweise wurden alle wegen zu lautem Mundwerk ausgesprochen. Lediglich Maurice sah in seinem Deb\u00fct f\u00fcr die Mannschaft von Mario Sopar und Tobias Schigowski die gelbe Karte wegen Foulspiel.<\/p>\n\n\n\n<p>Aus einer guten K\u00f6rner Mannschaft ragten besonders Aris und die beiden Innenverteidiger Maurice und Nahuel heraus. Nun hei\u00dft es weiter arbeiten in den w\u00f6chentlichen Trainingseinheiten.<\/p>\n\n\n\n<p><strong>SV K\u00f6rne 83 &#8211; Mengede 08\/20 4:1 (2:0)<\/strong><br>Aufstellung: 1 Halidov, 2 Boye-Sekan, 5 Khassyanov (41. 3 Shamradi), 6 Einhaus, 8 El Mohammed, 9 Zaydev (35. 18. Reidinger), 10 Gettel , 14 Litis, 15 Adonaijo Arispe, 21 Opiela (41. 16 Scheja), 22 Amiri (c)<\/p>\n\n\n\n<p>Tore: <strong>1:0 Litis (33.), 2:0 El Mohammed (38.)<\/strong>, 2:1 (42. Foulelfmeter), <strong>3:1 Amiri, 4:1 El Mohammed (60.)<\/strong><\/p>\n\n\n\n<p><strong>N\u00e4chste Termine:<br>Samstag 15.08.2020 15.00 Uhr<br>Testspiel:<br>Spvg Schonnebeck II &#8211; SV K\u00f6rne 83<\/strong><br><br><strong>Sonntag 16.08.2020 10.00 Uhr<br>Testspiel:<br>SV K\u00f6rne 83 &#8211; JSG H\u00f6rder SC II \/ VFL H\u00f6rde<\/strong> <\/p>\n","protected":false},"excerpt":{"rendered":"<p>Am gestrigen Sonntag Morgen gastierte Mengede 08\/20 in K\u00f6rne. Trotz der sehr warmen Temperaturen zeigten beide Teams ein gutes Spiel. Der Gastgeber konnte sich nach und nach immer besser freispielen. [&hellip;]<\/p>\n","protected":false},"author":3,"featured_media":1589,"comment_status":"closed","ping_status":"open","sticky":false,"template":"","format":"standard","meta":{"_jetpack_memberships_contains_paid_content":false,"footnotes":""},"categories":[1,35],"tags":[],"class_list":["post-1590","post","type-post","status-publish","format-standard","has-post-thumbnail","hentry","category-allgemein","category-jugend"],"jetpack_sharing_enabled":true,"jetpack_featured_media_url":"https:\/\/sv-koerne83.de\/wordpress\/wp-content\/uploads\/2020\/08\/IMG-20200809-WA0010.jpg","_links":{"self":[{"href":"https:\/\/sv-koerne83.de\/wordpress\/wp-json\/wp\/v2\/posts\/1590","targetHints":{"allow":["GET"]}}],"collection":[{"href":"https:\/\/sv-koerne83.de\/wordpress\/wp-json\/wp\/v2\/posts"}],"about":[{"href":"https:\/\/sv-koerne83.de\/wordpress\/wp-json\/wp\/v2\/types\/post"}],"author":[{"embeddable":true,"href":"https:\/\/sv-koerne83.de\/wordpress\/wp-json\/wp\/v2\/users\/3"}],"replies":[{"embeddable":true,"href":"https:\/\/sv-koerne83.de\/wordpress\/wp-json\/wp\/v2\/comments?post=1590"}],"version-history":[{"count":3,"href":"https:\/\/sv-koerne83.de\/wordpress\/wp-json\/wp\/v2\/posts\/1590\/revisions"}],"predecessor-version":[{"id":1595,"href":"https:\/\/sv-koerne83.de\/wordpress\/wp-json\/wp\/v2\/posts\/1590\/revisions\/1595"}],"wp:featuredmedia":[{"embeddable":true,"href":"https:\/\/sv-koerne83.de\/wordpress\/wp-json\/wp\/v2\/media\/1589"}],"wp:attachment":[{"href":"https:\/\/sv-koerne83.de\/wordpress\/wp-json\/wp\/v2\/media?parent=1590"}],"wp:term":[{"taxonomy":"category","embeddable":true,"href":"https:\/\/sv-koerne83.de\/wordpress\/wp-json\/wp\/v2\/categories?post=1590"},{"taxonomy":"post_tag","embeddable":true,"href":"https:\/\/sv-koerne83.de\/wordpress\/wp-json\/wp\/v2\/tags?post=1590"}],"curies":[{"name":"wp","href":"https:\/\/api.w.org\/{rel}","templated":true}]}}