{"id":1598,"date":"2020-08-14T08:00:01","date_gmt":"2020-08-14T06:00:01","guid":{"rendered":"https:\/\/sv-koerne83.de\/wordpress\/?p=1598"},"modified":"2020-08-13T21:31:52","modified_gmt":"2020-08-13T19:31:52","slug":"derby-testspiel","status":"publish","type":"post","link":"https:\/\/sv-koerne83.de\/wordpress\/2020\/08\/14\/derby-testspiel\/","title":{"rendered":"Derby-Testspiel"},"content":{"rendered":"\n<p>Am Sonntag finden weitere Testspiele zur Saisonvorbereitung statt. Nach dem K\u00f6rner Treff am Samstagabend werden am Sonntag die 1. Mannschaften vom SV K\u00f6rne 83 und DJK TuS K\u00f6rne aufeinandertreffen. Das Spiel wird um 16.00 Uhr am Winkelriedweg angepfiffen. <\/p>\n\n\n\n<p>Vorher finden auf der Sportanlage noch zwei weitere Spiele statt. Bereits um 10.00 Uhr empf\u00e4ngt die B-Jugend die Jugendspielgemeinschaft vom H\u00f6rder SC und dem VfL H\u00f6rde. Um 13.00 Uhr spielt die neuformierte 2. Mannschaft gegen den B-Ligisten SV Fortuna Herne.<\/p>\n\n\n\n<h3 class=\"wp-block-heading\">Frauen-Team mit erstem Test <\/h3>\n\n\n\n<p>Die neugegr\u00fcndete Frauenmannschaft bestreitet am Sonntag ihr erstes Testspiel. Das Team von Trainer Dennis Taubenheim reist nach Herne und trifft dort auf den B-Ligisten VfB B\u00f6rnig II. Ansto\u00df an der Schadeburgstra\u00dfe in Herne ist um 11.00 Uhr. <\/p>\n\n\n\n<h3 class=\"wp-block-heading\">Weitere Testspiele am Freitag und Samstag <\/h3>\n\n\n\n<p>Bereits heute Abend tritt die 3. Mannschaft zum Testspiel gegen SuS H\u00f6rde an. Ansto\u00df am Schallacker ist um 19.00 Uhr. Am Samstag finden 3 Jugendtestspiele statt. Die E2-Jugend empf\u00e4ngt am Winkelriedweg um 10.00 Uhr die SG L\u00fctgendortmund. Die B-Jugend reist nach Essen und spielt dort gegen Spvg Schonnebeck II. Ansto\u00df an der Friedhofstra\u00dfe in Essen ist um 15.00 Uhr. Die JSG SV K\u00f6rne \/ Wambeler SV bestreitet ihr erstes Testspiel gegen TuS Neuasseln. Ansto\u00df an der Holzwickederstra\u00dfe ist um 16.00 Uhr. <\/p>\n","protected":false},"excerpt":{"rendered":"<p>Am Sonntag finden weitere Testspiele zur Saisonvorbereitung statt. Nach dem K\u00f6rner Treff am Samstagabend werden am Sonntag die 1. Mannschaften vom SV K\u00f6rne 83 und DJK TuS K\u00f6rne aufeinandertreffen. Das [&hellip;]<\/p>\n","protected":false},"author":2,"featured_media":752,"comment_status":"closed","ping_status":"open","sticky":false,"template":"","format":"standard","meta":{"_jetpack_memberships_contains_paid_content":false,"footnotes":""},"categories":[30,31,32,1,45,35],"tags":[],"class_list":["post-1598","post","type-post","status-publish","format-standard","has-post-thumbnail","hentry","category-1-mannschaft","category-2-mannschaft","category-3-mannschaft","category-allgemein","category-frauen","category-jugend"],"jetpack_sharing_enabled":true,"jetpack_featured_media_url":"https:\/\/sv-koerne83.de\/wordpress\/wp-content\/uploads\/2019\/09\/derbytime.jpg","_links":{"self":[{"href":"https:\/\/sv-koerne83.de\/wordpress\/wp-json\/wp\/v2\/posts\/1598","targetHints":{"allow":["GET"]}}],"collection":[{"href":"https:\/\/sv-koerne83.de\/wordpress\/wp-json\/wp\/v2\/posts"}],"about":[{"href":"https:\/\/sv-koerne83.de\/wordpress\/wp-json\/wp\/v2\/types\/post"}],"author":[{"embeddable":true,"href":"https:\/\/sv-koerne83.de\/wordpress\/wp-json\/wp\/v2\/users\/2"}],"replies":[{"embeddable":true,"href":"https:\/\/sv-koerne83.de\/wordpress\/wp-json\/wp\/v2\/comments?post=1598"}],"version-history":[{"count":6,"href":"https:\/\/sv-koerne83.de\/wordpress\/wp-json\/wp\/v2\/posts\/1598\/revisions"}],"predecessor-version":[{"id":1604,"href":"https:\/\/sv-koerne83.de\/wordpress\/wp-json\/wp\/v2\/posts\/1598\/revisions\/1604"}],"wp:featuredmedia":[{"embeddable":true,"href":"https:\/\/sv-koerne83.de\/wordpress\/wp-json\/wp\/v2\/media\/752"}],"wp:attachment":[{"href":"https:\/\/sv-koerne83.de\/wordpress\/wp-json\/wp\/v2\/media?parent=1598"}],"wp:term":[{"taxonomy":"category","embeddable":true,"href":"https:\/\/sv-koerne83.de\/wordpress\/wp-json\/wp\/v2\/categories?post=1598"},{"taxonomy":"post_tag","embeddable":true,"href":"https:\/\/sv-koerne83.de\/wordpress\/wp-json\/wp\/v2\/tags?post=1598"}],"curies":[{"name":"wp","href":"https:\/\/api.w.org\/{rel}","templated":true}]}}