{"id":1606,"date":"2020-08-15T08:59:19","date_gmt":"2020-08-15T06:59:19","guid":{"rendered":"https:\/\/sv-koerne83.de\/wordpress\/?p=1606"},"modified":"2020-08-15T08:59:20","modified_gmt":"2020-08-15T06:59:20","slug":"vorbericht-spvg-schonnebeck-ii-b-jugend","status":"publish","type":"post","link":"https:\/\/sv-koerne83.de\/wordpress\/2020\/08\/15\/vorbericht-spvg-schonnebeck-ii-b-jugend\/","title":{"rendered":"Vorbericht: Spvg Schonnebeck II &#8211; B-Jugend"},"content":{"rendered":"\n<p>Heute Nachmittag reist unsere B-Jugend in die Nachbarstadt Essen. <\/p>\n\n\n\n<p>Der Gegner ist die zweite B Jugend von Spvg Schonnebeck. Der Verein ist bekannt f\u00fcr sein sehr gute Jugendarbeit. Die Essener spielen in der neuen Saison zwar in der Kreisklasse, wollen aber schnell raus aus der Liga. <\/p>\n\n\n\n<p>F\u00fcr K\u00f6rne ein echter Gradmesser in der Vorbereitung. Nach dem \u00fcberzeugenden 4:1 gegen Mengede in der letzten Woche m\u00f6chte das Team vom SVK einen weiteren Schritt nach vorne machen. Durch den Doppelspieltag heute und morgen wird allerdings auch etwas rotiert werden.<\/p>\n\n\n\n<p>Ansto\u00df ist um 15 Uhr am Schetterbusch, Friedhofstra\u00dfe 17a in 45309 Essen.<\/p>\n","protected":false},"excerpt":{"rendered":"<p>Heute Nachmittag reist unsere B-Jugend in die Nachbarstadt Essen. Der Gegner ist die zweite B Jugend von Spvg Schonnebeck. Der Verein ist bekannt f\u00fcr sein sehr gute Jugendarbeit. Die Essener [&hellip;]<\/p>\n","protected":false},"author":3,"featured_media":1607,"comment_status":"closed","ping_status":"open","sticky":false,"template":"","format":"standard","meta":{"_jetpack_memberships_contains_paid_content":false,"footnotes":""},"categories":[1,35],"tags":[],"class_list":["post-1606","post","type-post","status-publish","format-standard","has-post-thumbnail","hentry","category-allgemein","category-jugend"],"jetpack_sharing_enabled":true,"jetpack_featured_media_url":"https:\/\/sv-koerne83.de\/wordpress\/wp-content\/uploads\/2020\/08\/IMG-20200809-WA0013.jpg","_links":{"self":[{"href":"https:\/\/sv-koerne83.de\/wordpress\/wp-json\/wp\/v2\/posts\/1606","targetHints":{"allow":["GET"]}}],"collection":[{"href":"https:\/\/sv-koerne83.de\/wordpress\/wp-json\/wp\/v2\/posts"}],"about":[{"href":"https:\/\/sv-koerne83.de\/wordpress\/wp-json\/wp\/v2\/types\/post"}],"author":[{"embeddable":true,"href":"https:\/\/sv-koerne83.de\/wordpress\/wp-json\/wp\/v2\/users\/3"}],"replies":[{"embeddable":true,"href":"https:\/\/sv-koerne83.de\/wordpress\/wp-json\/wp\/v2\/comments?post=1606"}],"version-history":[{"count":1,"href":"https:\/\/sv-koerne83.de\/wordpress\/wp-json\/wp\/v2\/posts\/1606\/revisions"}],"predecessor-version":[{"id":1608,"href":"https:\/\/sv-koerne83.de\/wordpress\/wp-json\/wp\/v2\/posts\/1606\/revisions\/1608"}],"wp:featuredmedia":[{"embeddable":true,"href":"https:\/\/sv-koerne83.de\/wordpress\/wp-json\/wp\/v2\/media\/1607"}],"wp:attachment":[{"href":"https:\/\/sv-koerne83.de\/wordpress\/wp-json\/wp\/v2\/media?parent=1606"}],"wp:term":[{"taxonomy":"category","embeddable":true,"href":"https:\/\/sv-koerne83.de\/wordpress\/wp-json\/wp\/v2\/categories?post=1606"},{"taxonomy":"post_tag","embeddable":true,"href":"https:\/\/sv-koerne83.de\/wordpress\/wp-json\/wp\/v2\/tags?post=1606"}],"curies":[{"name":"wp","href":"https:\/\/api.w.org\/{rel}","templated":true}]}}