{"id":1609,"date":"2020-08-15T16:47:58","date_gmt":"2020-08-15T14:47:58","guid":{"rendered":"https:\/\/sv-koerne83.de\/wordpress\/?p=1609"},"modified":"2020-08-15T16:47:59","modified_gmt":"2020-08-15T14:47:59","slug":"e2-siegt-im-ersten-testspiel","status":"publish","type":"post","link":"https:\/\/sv-koerne83.de\/wordpress\/2020\/08\/15\/e2-siegt-im-ersten-testspiel\/","title":{"rendered":"E2 siegt im ersten Testspiel"},"content":{"rendered":"\n<p>Durch eine deutliche Leistungssteigerung in der zweiten H\u00e4lfte gelang der Mannschaft von Andreas Lorenz ein Sieg gegen die E1 der SG L\u00fctgendortmund<\/p>\n\n\n\n<p>Einen holprigen Start der Heimelf sahen die Zuschauer im Affenk\u00e4fig des SV K\u00f6rne. In den ersten Minuten gelang der Mannschaft um Kapit\u00e4n Alexander Kuhles nur wenig und die SG L\u00fctgendortmund kam mehrfach gef\u00e4hrlich vors Tor. Schnell stand es 0:2 f\u00fcr den Gast. Nach der Pause wirkte K\u00f6rne frischer, zog das Spiel besser auf, aber promt fiel im Gegenzug das 0:3. Trotzdem. Der Eindruck best\u00e4tigte sich, der SVK   lie\u00df sich nicht beirren, bekam langsam die Oberhand und der starken Berivan Solmaz gelang schlie\u00dflich der verdiente Anschlusstreffer zum 1:3. Ein Foulelfmeter an Jakob Lorenz leitete die Wende ein. Der Gefoulte verwandelte eiskalt selbst. Eine schlau einstudierte kurze Ecke brachte kurze Zeit sp\u00e4ter den Ausgleich durch Jakob mit einem harten Rechtsschuss. Der Bann war nun gebrochen, der SV K\u00f6rne spielte nun wie entfesselt. Nach einem schnell ausgef\u00fchrten Einwurf des agilen Levi erzielte Jabob mit einem eleganten Heber das 4:3 und schn\u00fcrte damit seinen Dreierpack. Und K\u00f6rne dr\u00e4ngte nun leidenschaftlich gegen die um ein Jahr \u00e4lteren Spieler der SGL auf das 5:3, welches Lucas Kr\u00e4ling wenig sp\u00e4ter in Mittelst\u00fcrmerposition gelang. Der Anschlusstreffer der G\u00e4ste vier Minuten vor dem Ende zum 5:4 brachte zwar noch etwas Unruhe, war dann aber der Endstand eines umk\u00e4mpften Spiels, in dem die Hausherren am Ende verdient gewannen.<\/p>\n","protected":false},"excerpt":{"rendered":"<p>Durch eine deutliche Leistungssteigerung in der zweiten H\u00e4lfte gelang der Mannschaft von Andreas Lorenz ein Sieg gegen die E1 der SG L\u00fctgendortmund Einen holprigen Start der Heimelf sahen die Zuschauer [&hellip;]<\/p>\n","protected":false},"author":2,"featured_media":1262,"comment_status":"closed","ping_status":"open","sticky":false,"template":"","format":"standard","meta":{"_jetpack_memberships_contains_paid_content":false,"footnotes":""},"categories":[1,35],"tags":[],"class_list":["post-1609","post","type-post","status-publish","format-standard","has-post-thumbnail","hentry","category-allgemein","category-jugend"],"jetpack_sharing_enabled":true,"jetpack_featured_media_url":"https:\/\/sv-koerne83.de\/wordpress\/wp-content\/uploads\/2020\/02\/f3b77f0d-544b-4d19-a98e-fa1c71193f87.jpg","_links":{"self":[{"href":"https:\/\/sv-koerne83.de\/wordpress\/wp-json\/wp\/v2\/posts\/1609","targetHints":{"allow":["GET"]}}],"collection":[{"href":"https:\/\/sv-koerne83.de\/wordpress\/wp-json\/wp\/v2\/posts"}],"about":[{"href":"https:\/\/sv-koerne83.de\/wordpress\/wp-json\/wp\/v2\/types\/post"}],"author":[{"embeddable":true,"href":"https:\/\/sv-koerne83.de\/wordpress\/wp-json\/wp\/v2\/users\/2"}],"replies":[{"embeddable":true,"href":"https:\/\/sv-koerne83.de\/wordpress\/wp-json\/wp\/v2\/comments?post=1609"}],"version-history":[{"count":1,"href":"https:\/\/sv-koerne83.de\/wordpress\/wp-json\/wp\/v2\/posts\/1609\/revisions"}],"predecessor-version":[{"id":1610,"href":"https:\/\/sv-koerne83.de\/wordpress\/wp-json\/wp\/v2\/posts\/1609\/revisions\/1610"}],"wp:featuredmedia":[{"embeddable":true,"href":"https:\/\/sv-koerne83.de\/wordpress\/wp-json\/wp\/v2\/media\/1262"}],"wp:attachment":[{"href":"https:\/\/sv-koerne83.de\/wordpress\/wp-json\/wp\/v2\/media?parent=1609"}],"wp:term":[{"taxonomy":"category","embeddable":true,"href":"https:\/\/sv-koerne83.de\/wordpress\/wp-json\/wp\/v2\/categories?post=1609"},{"taxonomy":"post_tag","embeddable":true,"href":"https:\/\/sv-koerne83.de\/wordpress\/wp-json\/wp\/v2\/tags?post=1609"}],"curies":[{"name":"wp","href":"https:\/\/api.w.org\/{rel}","templated":true}]}}