{"id":1613,"date":"2020-08-15T19:08:13","date_gmt":"2020-08-15T17:08:13","guid":{"rendered":"https:\/\/sv-koerne83.de\/wordpress\/?p=1613"},"modified":"2020-08-17T19:11:26","modified_gmt":"2020-08-17T17:11:26","slug":"b-jugend-mit-niederlage-in-schonnebeck","status":"publish","type":"post","link":"https:\/\/sv-koerne83.de\/wordpress\/2020\/08\/15\/b-jugend-mit-niederlage-in-schonnebeck\/","title":{"rendered":"B-Jugend mit Niederlage in Schonnebeck"},"content":{"rendered":"\n<p>Am heutigen Samstag war der SV K\u00f6rne 83 zu Gast in Essen bei der Spvg Schonnebeck II. Zun\u00e4chst kam leider kein Schiedsrichter, so dass Tobias Schigowski selbst pfeifen musste.<\/p>\n\n\n\n<p>Die erste Halbzeit war vom Ergebnis her ok. Aynur konnte den Gast mit einem sch\u00f6nen Treffer aus 20 Metern in den Winkel in F\u00fchrung bringen. Trotzdem verlor man immer wieder die B\u00e4lle<\/p>\n\n\n\n<p>In der Halbzeit musste Noel in der Kabine bleiben. Ihn ersetzte Alex.<\/p>\n\n\n\n<p>Nach der Halbzeit konnte Tarek direkt auf 0:2 stellen, nachdem er wundersch\u00f6n von Aris in Szene gesetzt wurde. Leider verstand man es in der Folge nicht das Ergebnis zu sichern oder weiter auszubauen. Viele Abspielfehler und Konzentrationsm\u00e4ngel brachte Schonnebeck zur\u00fcck ins Spiel. Die \u00dcberlegenheit wurde dann auch in Tore umgem\u00fcnzt.  Aris konnte zwar kurz vor Schluss noch auf 4:3 verk\u00fcrzen. Allerdings fehlte der letzte Glauben an ein Unentschieden, so dass die Essener mit dem Schlusspfiff noch zum verdienten 5:3 Sieg kamen.<\/p>\n\n\n\n<p>Es hei\u00dft jetzt kurz schlafen und bereits morgen um 10 Uhr geht es mit dem n\u00e4chsten Testspiel weiter.<\/p>\n\n\n\n<p><strong>Spvg Schonnebeck &#8211; SV K\u00f6rne 83 5:3 (0:1)<\/strong><br>Aufstellung: 1 Khassyanov, 2 Boye-Sekan (41. 7 Halidov), 3 Shamradi, 4 Al Ahmed, 8 El Mohammed, 9 Zaydev, 12 Abdul Wahab, 14 Litis, 16 Scheja (55. 6 Hossain), 20 El Bakouri 22 Amiri (c)<\/p>\n\n\n\n<p>Tore: <strong>0:1 Zaydev ( 15.), 0:2 El Mohammed (46.)<\/strong>, 1:2 (56.), 2:2 (67.), 3:2 Al Ahmed (71. Eigentor), 4:2 (72.), <strong>4:3 Litis (77.)<\/strong>, 5:3 (80.)<\/p>\n\n\n\n<p><strong>Sonntag 16.08.2020 10.00 Uhr<br>Testspiel:<br>SV K\u00f6rne 83 &#8211; JSG H\u00f6rder SC II \/ VFL H\u00f6rde <\/strong><\/p>\n","protected":false},"excerpt":{"rendered":"<p>Am heutigen Samstag war der SV K\u00f6rne 83 zu Gast in Essen bei der Spvg Schonnebeck II. Zun\u00e4chst kam leider kein Schiedsrichter, so dass Tobias Schigowski selbst pfeifen musste. Die [&hellip;]<\/p>\n","protected":false},"author":3,"featured_media":1473,"comment_status":"closed","ping_status":"open","sticky":false,"template":"","format":"standard","meta":{"_jetpack_memberships_contains_paid_content":false,"footnotes":""},"categories":[1,35],"tags":[],"class_list":["post-1613","post","type-post","status-publish","format-standard","has-post-thumbnail","hentry","category-allgemein","category-jugend"],"jetpack_sharing_enabled":true,"jetpack_featured_media_url":"https:\/\/sv-koerne83.de\/wordpress\/wp-content\/uploads\/2020\/07\/football-730418_1920.jpg","_links":{"self":[{"href":"https:\/\/sv-koerne83.de\/wordpress\/wp-json\/wp\/v2\/posts\/1613","targetHints":{"allow":["GET"]}}],"collection":[{"href":"https:\/\/sv-koerne83.de\/wordpress\/wp-json\/wp\/v2\/posts"}],"about":[{"href":"https:\/\/sv-koerne83.de\/wordpress\/wp-json\/wp\/v2\/types\/post"}],"author":[{"embeddable":true,"href":"https:\/\/sv-koerne83.de\/wordpress\/wp-json\/wp\/v2\/users\/3"}],"replies":[{"embeddable":true,"href":"https:\/\/sv-koerne83.de\/wordpress\/wp-json\/wp\/v2\/comments?post=1613"}],"version-history":[{"count":2,"href":"https:\/\/sv-koerne83.de\/wordpress\/wp-json\/wp\/v2\/posts\/1613\/revisions"}],"predecessor-version":[{"id":1618,"href":"https:\/\/sv-koerne83.de\/wordpress\/wp-json\/wp\/v2\/posts\/1613\/revisions\/1618"}],"wp:featuredmedia":[{"embeddable":true,"href":"https:\/\/sv-koerne83.de\/wordpress\/wp-json\/wp\/v2\/media\/1473"}],"wp:attachment":[{"href":"https:\/\/sv-koerne83.de\/wordpress\/wp-json\/wp\/v2\/media?parent=1613"}],"wp:term":[{"taxonomy":"category","embeddable":true,"href":"https:\/\/sv-koerne83.de\/wordpress\/wp-json\/wp\/v2\/categories?post=1613"},{"taxonomy":"post_tag","embeddable":true,"href":"https:\/\/sv-koerne83.de\/wordpress\/wp-json\/wp\/v2\/tags?post=1613"}],"curies":[{"name":"wp","href":"https:\/\/api.w.org\/{rel}","templated":true}]}}