{"id":1615,"date":"2020-08-17T08:50:40","date_gmt":"2020-08-17T06:50:40","guid":{"rendered":"https:\/\/sv-koerne83.de\/wordpress\/?p=1615"},"modified":"2020-08-17T08:50:40","modified_gmt":"2020-08-17T06:50:40","slug":"wochenendrueckblick","status":"publish","type":"post","link":"https:\/\/sv-koerne83.de\/wordpress\/2020\/08\/17\/wochenendrueckblick\/","title":{"rendered":"Wochenendr\u00fcckblick"},"content":{"rendered":"\n<p>Am zur\u00fcckliegenden Wochenende konnten die SV K\u00f6rne Anh\u00e4nger wieder einige Spiele, sowohl im Junioren- wie auch im Seniorenbereich bewundern. <\/p>\n\n\n\n<p>Bereits am Freitag war die 3. Mannschaft zu Gast am Schallacker um dort auf der altehrw\u00fcrdigen Asche gegen den SuS H\u00f6rde zu testen. Leider musste das Spiel beim Stand von 1:0 f\u00fcr die Mannschaft vom Trainerduo Koebel\/Serdar aufgrund eines Gewitters abgebrochen werden. <\/p>\n\n\n\n<p>Am Samstag bestritt die E2-Jugend ihr Auftakttestspiel. Zuhause konnte man die SG L\u00fctgendortmund mit 5:4 schlagen. Die B-Jugend testete ausw\u00e4rts bei Spvg Schonnebeck II und die A-Jugend fuhr zum TuS Neuasseln. Beide Mannschaften verloren jeweils mit 5:3. <\/p>\n\n\n\n<p>Am Sonntag startete die B-Jugend dann in den Spieltag. Zuhause empfang das Team von den Trainern Tobias Schigowski und Mario Sopar die JSG H\u00f6rder SC II \/ VfL H\u00f6rde. Nach einem anf\u00e4nglichen R\u00fcckstand setzte sich die Mannschaft am Ende mit 4:1 durch. Das Frauenteam bestritt ihr erstes Testspiel beim VfB B\u00f6rnig II. Nach 90 schwei\u00dftreibenden Minuten hie\u00df es am Ende 6:2 f\u00fcr die Hernerinnen. Die beiden Tore f\u00fcr den SVK erzielte Angela Taubenheim. <\/p>\n\n\n\n<p>Die neuformierte 2. Mannschaft empfing zuhause den SV Fortuna Herne. Beim Abpfiff stand es 3:3 unentschieden. Fabian Wangerowski, Abdullah Yilmaz und Simon Flo\u00df trafen f\u00fcr die K\u00f6rner.  <\/p>\n","protected":false},"excerpt":{"rendered":"<p>Am zur\u00fcckliegenden Wochenende konnten die SV K\u00f6rne Anh\u00e4nger wieder einige Spiele, sowohl im Junioren- wie auch im Seniorenbereich bewundern. Bereits am Freitag war die 3. Mannschaft zu Gast am Schallacker [&hellip;]<\/p>\n","protected":false},"author":2,"featured_media":1616,"comment_status":"closed","ping_status":"open","sticky":false,"template":"","format":"standard","meta":{"_jetpack_memberships_contains_paid_content":false,"footnotes":""},"categories":[31,32,1,45,35],"tags":[],"class_list":["post-1615","post","type-post","status-publish","format-standard","has-post-thumbnail","hentry","category-2-mannschaft","category-3-mannschaft","category-allgemein","category-frauen","category-jugend"],"jetpack_sharing_enabled":true,"jetpack_featured_media_url":"https:\/\/sv-koerne83.de\/wordpress\/wp-content\/uploads\/2020\/08\/fe92dc59-6acf-4bb2-b976-ccb16a4b0ae9.jpg","_links":{"self":[{"href":"https:\/\/sv-koerne83.de\/wordpress\/wp-json\/wp\/v2\/posts\/1615","targetHints":{"allow":["GET"]}}],"collection":[{"href":"https:\/\/sv-koerne83.de\/wordpress\/wp-json\/wp\/v2\/posts"}],"about":[{"href":"https:\/\/sv-koerne83.de\/wordpress\/wp-json\/wp\/v2\/types\/post"}],"author":[{"embeddable":true,"href":"https:\/\/sv-koerne83.de\/wordpress\/wp-json\/wp\/v2\/users\/2"}],"replies":[{"embeddable":true,"href":"https:\/\/sv-koerne83.de\/wordpress\/wp-json\/wp\/v2\/comments?post=1615"}],"version-history":[{"count":1,"href":"https:\/\/sv-koerne83.de\/wordpress\/wp-json\/wp\/v2\/posts\/1615\/revisions"}],"predecessor-version":[{"id":1617,"href":"https:\/\/sv-koerne83.de\/wordpress\/wp-json\/wp\/v2\/posts\/1615\/revisions\/1617"}],"wp:featuredmedia":[{"embeddable":true,"href":"https:\/\/sv-koerne83.de\/wordpress\/wp-json\/wp\/v2\/media\/1616"}],"wp:attachment":[{"href":"https:\/\/sv-koerne83.de\/wordpress\/wp-json\/wp\/v2\/media?parent=1615"}],"wp:term":[{"taxonomy":"category","embeddable":true,"href":"https:\/\/sv-koerne83.de\/wordpress\/wp-json\/wp\/v2\/categories?post=1615"},{"taxonomy":"post_tag","embeddable":true,"href":"https:\/\/sv-koerne83.de\/wordpress\/wp-json\/wp\/v2\/tags?post=1615"}],"curies":[{"name":"wp","href":"https:\/\/api.w.org\/{rel}","templated":true}]}}