{"id":1619,"date":"2020-08-17T19:52:26","date_gmt":"2020-08-17T17:52:26","guid":{"rendered":"https:\/\/sv-koerne83.de\/wordpress\/?p=1619"},"modified":"2020-08-23T00:18:01","modified_gmt":"2020-08-22T22:18:01","slug":"b-jugend-siegt-im-heimspiel-gegen-die-jsg-hoerder-sc-ii-vfl-hoerde","status":"publish","type":"post","link":"https:\/\/sv-koerne83.de\/wordpress\/2020\/08\/17\/b-jugend-siegt-im-heimspiel-gegen-die-jsg-hoerder-sc-ii-vfl-hoerde\/","title":{"rendered":"B-Jugend siegt im Heimspiel gegen die JSG H\u00f6rder SC II \/ VFL H\u00f6rde"},"content":{"rendered":"\n<p>In einem weiteren Testspiel traf unsere B-Jugend auf die Jugendspielgemeinschaft der beiden H\u00f6rder Mannschaften H\u00f6rder SC II und VFL H\u00f6rde.<\/p>\n\n\n\n<p>Einen Tag zuvor wurden die Meisterschaftsgruppen bekannt gegeben. Beide Teams spielen in einer Gruppe erneut gegeneinander. So kurzfristig wollten beide Teams dann das Spiel allerdings nicht absagen.<\/p>\n\n\n\n<p>K\u00f6rne begann sehr druckvoll und konnte das Heft schnell an sich rei\u00dfen. H\u00f6rde besann sich auf eine gute Defensive. Mehrmals  schmiss man sich leidenschaftlich in die B\u00e4lle und konnte so Torchancen unserer B-Jugend abwehren. Tarek traf au\u00dferdem die Querlatte nach einem sch\u00f6nen Schlenzer aus halbrechter Position.<\/p>\n\n\n\n<p>Wie so h\u00e4ufig im Fu\u00dfball, ging der Gast mit der ersten Torchance in F\u00fchrung.  Der Spielverlauf war v\u00f6llig auf den Kopf gestellt. Trotzdem lie\u00df der SVK nicht nach. Noch vor der Pause konnte Aris den Ausgleich erzielen.<\/p>\n\n\n\n<p>Nach der Pause wurde Aynur sch\u00f6n freigespielt und er musste einfach nur noch einnetzen. Den H\u00f6rdern fehlte mehr und mehr die Ordnung. Mansour und Cristian schossen kurz vor Schluss den Endstand von 4:1 heraus.<\/p>\n\n\n\n<p>Einziger kleiner Kritikpunkt war die Chancenverwertung des Teams. Es h\u00e4tte gut und gerne 10 oder 11:1 stehen k\u00f6nnen, wenn nicht sogar m\u00fcssen. Man muss jetzt mal auch in den Testspielen mehr Konstanz reinbekommen, Siege und Niederlagen wechseln sich immer ab. Es sind nun noch vier Testspiele an den kommenden beiden Wochenenden zu bestreiten, bevor es dann hoffentlich am Sonntag 06.09.2020 mit der neuen Meisterschaftssaison los geht.<\/p>\n\n\n\n<p><strong>SV K\u00f6rne 83 &#8211; JSG H\u00f6rder SC II \/ VFL H\u00f6rde 4:1 (1:1)<\/strong><br>Aufstellung: 1 Halidov, 5 Khassyanov, 6 Einhaus, 8 El Mohammed (41. 11 Frantzeskakis), 10 Gettel, 12 Abdul Wahab, 14 Litis, 15 Arispe (c), 19 Amhaouch, 21 Opiela (41. 3 Shamradi), 22 Amiri (41. 9 Zaydev)<\/p>\n\n\n\n<p>Tore: 0:1 (25.), <strong>1:1 Litis (36.), 2:1 Zaydev (47.), 3:1 Amiri (77.), 4:1 Frantzeskakis (79.)<\/strong><\/p>\n\n\n\n<p><strong>N\u00e4chster Termin:<\/strong><br><strong>Samstag 22.08.2020 14.00 Uhr<br>Testspiel:<br>SV K\u00f6rne 83 &#8211; LFC Laer 1906 <\/strong><\/p>\n","protected":false},"excerpt":{"rendered":"<p>In einem weiteren Testspiel traf unsere B-Jugend auf die Jugendspielgemeinschaft der beiden H\u00f6rder Mannschaften H\u00f6rder SC II und VFL H\u00f6rde. Einen Tag zuvor wurden die Meisterschaftsgruppen bekannt gegeben. Beide Teams [&hellip;]<\/p>\n","protected":false},"author":3,"featured_media":1620,"comment_status":"closed","ping_status":"open","sticky":false,"template":"","format":"standard","meta":{"_jetpack_memberships_contains_paid_content":false,"footnotes":""},"categories":[1,35],"tags":[],"class_list":["post-1619","post","type-post","status-publish","format-standard","has-post-thumbnail","hentry","category-allgemein","category-jugend"],"jetpack_sharing_enabled":true,"jetpack_featured_media_url":"https:\/\/sv-koerne83.de\/wordpress\/wp-content\/uploads\/2020\/08\/IMG-20200809-WA0011.jpg","_links":{"self":[{"href":"https:\/\/sv-koerne83.de\/wordpress\/wp-json\/wp\/v2\/posts\/1619","targetHints":{"allow":["GET"]}}],"collection":[{"href":"https:\/\/sv-koerne83.de\/wordpress\/wp-json\/wp\/v2\/posts"}],"about":[{"href":"https:\/\/sv-koerne83.de\/wordpress\/wp-json\/wp\/v2\/types\/post"}],"author":[{"embeddable":true,"href":"https:\/\/sv-koerne83.de\/wordpress\/wp-json\/wp\/v2\/users\/3"}],"replies":[{"embeddable":true,"href":"https:\/\/sv-koerne83.de\/wordpress\/wp-json\/wp\/v2\/comments?post=1619"}],"version-history":[{"count":2,"href":"https:\/\/sv-koerne83.de\/wordpress\/wp-json\/wp\/v2\/posts\/1619\/revisions"}],"predecessor-version":[{"id":1642,"href":"https:\/\/sv-koerne83.de\/wordpress\/wp-json\/wp\/v2\/posts\/1619\/revisions\/1642"}],"wp:featuredmedia":[{"embeddable":true,"href":"https:\/\/sv-koerne83.de\/wordpress\/wp-json\/wp\/v2\/media\/1620"}],"wp:attachment":[{"href":"https:\/\/sv-koerne83.de\/wordpress\/wp-json\/wp\/v2\/media?parent=1619"}],"wp:term":[{"taxonomy":"category","embeddable":true,"href":"https:\/\/sv-koerne83.de\/wordpress\/wp-json\/wp\/v2\/categories?post=1619"},{"taxonomy":"post_tag","embeddable":true,"href":"https:\/\/sv-koerne83.de\/wordpress\/wp-json\/wp\/v2\/tags?post=1619"}],"curies":[{"name":"wp","href":"https:\/\/api.w.org\/{rel}","templated":true}]}}