{"id":1624,"date":"2020-08-18T14:07:31","date_gmt":"2020-08-18T12:07:31","guid":{"rendered":"https:\/\/sv-koerne83.de\/wordpress\/?p=1624"},"modified":"2020-08-18T14:07:31","modified_gmt":"2020-08-18T12:07:31","slug":"37-koerner-treff-trotz-corona-voller-erfolg","status":"publish","type":"post","link":"https:\/\/sv-koerne83.de\/wordpress\/2020\/08\/18\/37-koerner-treff-trotz-corona-voller-erfolg\/","title":{"rendered":"37. K\u00f6rner Treff trotz Corona voller Erfolg"},"content":{"rendered":"\n<h2 class=\"wp-block-heading\">Corona zwingt zum Umdenken<\/h2>\n\n\n\n<p>Obwohl sich in diesem Jahr die Voraussetzungen f\u00fcr die Durchf\u00fchrung des K\u00f6rner Treffs komplett anders darstellten und einige Klippen \u00fcberwunden werden mussten, blickt<strong>&nbsp;Eddy Hoffmann<\/strong>,&nbsp;<strong>1.Vorsitzender des Veranstalters SV K\u00f6rne 83<\/strong>, sehr zufrieden auf die Veranstaltung zur\u00fcck.<\/p>\n\n\n\n<p>Die zahlreichen positiven R\u00fcckmeldungen im Laufe und am Ende der Veranstaltung waren eine Best\u00e4tigung f\u00fcr die Entscheidung, den K\u00f6rner Treff nicht ausfallen zu lassen, sondern unter Ber\u00fccksichtigung der Hygienebestimmungen und der Begrenzung der Zuschauerzahl auf 200 Personen auf dem Vereinsgel\u00e4nde des SV K\u00f6rne 83 durchzuf\u00fchren.<\/p>\n\n\n\n<p>Um zu erm\u00f6glichen, dass die G\u00e4ste einen ausreichenden&nbsp;<strong>Abstand einhalten<\/strong>&nbsp;konnten, hatte der Veranstalter zahlreiche Biertischgarnituren aufgebaut, an denen sich Freunde, Bekannte und Familien in Kleingruppen versammeln konnten.<\/p>\n\n\n\n<p>In diesem Zusammenhang geb\u00fchrt\u00a0<strong>Tim Exner\u00a0<\/strong>ein besonderer Dank, der ein\u00a0<strong>hervorragendes Hygienekonzept<\/strong>\u00a0erarbeitet hat, das bereits w\u00e4hrend des Trainings- und Spielbetriebs zum Tragen kam und auch weiter Ber\u00fccksichtigung finden wird.<\/p>\n\n\n\n<h2 class=\"wp-block-heading\">Programm<\/h2>\n\n\n\n<p>Der Gesangsbeitrag der\u00a0<strong>Nachwuchss\u00e4ngerin Annika Wulf\u00a0<\/strong>(siehe Foto) aus Rheine und die von\u00a0<strong>DJ Ralf\u00a0<\/strong>aufgelegte Musik trugen zu der ausgezeichneten, lockeren Stimmung bei zum Gl\u00fcck gutem Wetter bei.<\/p>\n\n\n\n<p>Die Einlage der von<strong>\u00a0Brigitta Nagy\u00a0<\/strong>geleiteten, w\u00f6chentlich trainierten\u00a0<strong>Bodyshape-Gruppe\u00a0<\/strong>war nicht nur wegen der ausgefeilten Choreografie ein optisches und sportliches Highlight, denn es wurde auch sehr deutlich, dass durch hartes, intensives Training ein hohes Ma\u00df an Fitness erreicht werden konnte bzw. kann. Vielleicht hat die Einlage den einen oder anderen Zuschauer motiviert, sich diesem Team anzuschlie\u00dfen. <em>(Anm. d. Red.: Der Bodyshape-Kurs findet jeden Mittwoch um 19.30 Uhr statt. Aktuell trainiert die Gruppe noch auf dem Sportplatz an der Hohwartschule. Bei schlechtem Wetter weicht man in die Sporthalle der Hohwartschule aus.) <\/em><\/p>\n\n\n\n<p><strong>Antonella Rossi<\/strong>, der auch schon beim letzten K\u00f6rner Treff und am 4. Juli auf dem Vereinsgel\u00e4nde des SV K\u00f6rne auftrat, zog das Publikum wie gewohnt in seinen Bann zog und war f\u00fcr viele das Highlight des Abends.<\/p>\n\n\n\n<h2 class=\"wp-block-heading\">Ohne Unterst\u00fctzung geht es nicht!<\/h2>\n\n\n\n<p><strong>Ralf Klick<\/strong>, Sozialwart des DJK TuS K\u00f6rne, war das Bindeglied zwischen den beiden K\u00f6rner Vereinen und konnte einige Helfer f\u00fcr den Versorgungsbereich rekrutieren, die den zahlreichen helfenden H\u00e4nden des SV K\u00f6rne f\u00fcr eine reibungslose Bewirtung der Besucher mit Speisen und Getr\u00e4nken zur Seite standen, so dass alle Bed\u00fcrfnisse erf\u00fcllt werden konnten.<\/p>\n\n\n\n<p>Dank der finanziellen Unterst\u00fctzung der&nbsp;<strong>Dortmunder Volksbank<\/strong>&nbsp;und der<strong>&nbsp;Sparkasse Dortmund&nbsp;<\/strong>sowie des erhobenen Eintritts konnte das finanzielle Risiko f\u00fcr den Veranstalter in Grenzen gehalten werden.<\/p>\n\n\n\n<h2 class=\"wp-block-heading\">R\u00fcck- und Ausblick<\/h2>\n\n\n\n<p>Mit einem positiven R\u00fcck- und Ausblick wird schon an den 38.K\u00f6rner Treff gedacht, der hoffentlich wieder am gewohnten Ort hinter dem \u00c4rztehaus stattfinden kann, damit der Ratsvertreter<strong>\u00a0Heinz-Dieter D\u00fcdder<\/strong>\u00a0im Rahmen seiner Er\u00f6ffnungsworte nicht wieder darauf hinweisen muss, dass der diesj\u00e4hrige Treff eigentlich in der n\u00f6rdlichen Gartenstatt durchgef\u00fchrt wurde.<\/p>\n\n\n\n<p><em>Text: Volker Oestreicher<\/em><\/p>\n","protected":false},"excerpt":{"rendered":"<p>Corona zwingt zum Umdenken Obwohl sich in diesem Jahr die Voraussetzungen f\u00fcr die Durchf\u00fchrung des K\u00f6rner Treffs komplett anders darstellten und einige Klippen \u00fcberwunden werden mussten, blickt&nbsp;Eddy Hoffmann,&nbsp;1.Vorsitzender des Veranstalters [&hellip;]<\/p>\n","protected":false},"author":2,"featured_media":1625,"comment_status":"closed","ping_status":"open","sticky":false,"template":"","format":"standard","meta":{"_jetpack_memberships_contains_paid_content":false,"footnotes":""},"categories":[1],"tags":[],"class_list":["post-1624","post","type-post","status-publish","format-standard","has-post-thumbnail","hentry","category-allgemein"],"jetpack_sharing_enabled":true,"jetpack_featured_media_url":"https:\/\/sv-koerne83.de\/wordpress\/wp-content\/uploads\/2020\/08\/11357391_XXL.jpg","_links":{"self":[{"href":"https:\/\/sv-koerne83.de\/wordpress\/wp-json\/wp\/v2\/posts\/1624","targetHints":{"allow":["GET"]}}],"collection":[{"href":"https:\/\/sv-koerne83.de\/wordpress\/wp-json\/wp\/v2\/posts"}],"about":[{"href":"https:\/\/sv-koerne83.de\/wordpress\/wp-json\/wp\/v2\/types\/post"}],"author":[{"embeddable":true,"href":"https:\/\/sv-koerne83.de\/wordpress\/wp-json\/wp\/v2\/users\/2"}],"replies":[{"embeddable":true,"href":"https:\/\/sv-koerne83.de\/wordpress\/wp-json\/wp\/v2\/comments?post=1624"}],"version-history":[{"count":1,"href":"https:\/\/sv-koerne83.de\/wordpress\/wp-json\/wp\/v2\/posts\/1624\/revisions"}],"predecessor-version":[{"id":1626,"href":"https:\/\/sv-koerne83.de\/wordpress\/wp-json\/wp\/v2\/posts\/1624\/revisions\/1626"}],"wp:featuredmedia":[{"embeddable":true,"href":"https:\/\/sv-koerne83.de\/wordpress\/wp-json\/wp\/v2\/media\/1625"}],"wp:attachment":[{"href":"https:\/\/sv-koerne83.de\/wordpress\/wp-json\/wp\/v2\/media?parent=1624"}],"wp:term":[{"taxonomy":"category","embeddable":true,"href":"https:\/\/sv-koerne83.de\/wordpress\/wp-json\/wp\/v2\/categories?post=1624"},{"taxonomy":"post_tag","embeddable":true,"href":"https:\/\/sv-koerne83.de\/wordpress\/wp-json\/wp\/v2\/tags?post=1624"}],"curies":[{"name":"wp","href":"https:\/\/api.w.org\/{rel}","templated":true}]}}