{"id":1628,"date":"2020-08-21T08:56:20","date_gmt":"2020-08-21T06:56:20","guid":{"rendered":"https:\/\/sv-koerne83.de\/wordpress\/?p=1628"},"modified":"2020-08-21T08:56:20","modified_gmt":"2020-08-21T06:56:20","slug":"testen-testen-testen","status":"publish","type":"post","link":"https:\/\/sv-koerne83.de\/wordpress\/2020\/08\/21\/testen-testen-testen\/","title":{"rendered":"Testen&#8230;Testen&#8230;Testen"},"content":{"rendered":"\n<p>Testen&#8230;Testen&#8230;Testen &#8211; das ist erneut das Motto am bevorstehenden Wochenende. Immer mehr Jugendmannschaften von uns nehmen den Spielbetrieb wieder auf und bereiten sich f\u00fcr die bald startende Saison vor. Auch die Senioren werden wieder auf den Sportanlagen aktiv werden. <\/p>\n\n\n\n<h3 class=\"wp-block-heading\"> Samstag<\/h3>\n\n\n\n<p>Die F1-Jugend reist zum FC Wellinghofen an den M\u00fchlenweg. Ansto\u00df ist um 10.00 Uhr. Die E2-Jugend f\u00e4hrt zum Ausw\u00e4rtsspiel nach Castrop-Rauxel und trifft dort um 12.15 Uhr auf die SG Castrop-Rauxel II (Bahnhofstra\u00dfe 134, 44575 Castrop-Rauxel). Die D2-Jugend testet gegen den L\u00fcner SV. Ansto\u00df am Schwansbeller Weg in L\u00fcnen ist um 13.50 Uhr. Die B-Jugend empf\u00e4ngt um 14.00 Uhr am Winkelriedweg den LFC Laer 1906. Die C-Jugend spielt gegen Urania L\u00fctgendortmund. Die Partie wird um 14.30 Uhr an der Limbecker Stra\u00dfe angepfiffen. Die Altherren bestreiten ein Freundschaftsspiel gegen die SG SF S\u00f6lderholz\/ASC 09 Dortmund. Ansto\u00df an der Lichtendorferstra\u00dfe ist um 17.30 Uhr. <\/p>\n\n\n\n<h3 class=\"wp-block-heading\"> Sonntag<\/h3>\n\n\n\n<p>Am Sonntag spielt die 2. Mannschaft zuhause gegen Mengede 08\/20 III. Ansto\u00df am Winkelriedweg ist um 13.00 Uhr. Die 4. Mannschaft reist nach Barop und trifft dort auf das Team von RW Barop IV. Ansto\u00df an der Stockumer Stra\u00dfe ist um 13.00 Uhr. Die 1. Mannschaft testet gegen den A-Ligisten SV Langschede. Ansto\u00df an der Unnaer Stra\u00dfe in Fr\u00f6ndenberg ist um 15.15 Uhr. Die B-Jugend spielt um 16.00 Uhr gegen den VfB Waltrop III. Gespielt wird am Winkelriedweg.  Die 3. Mannschaft beendet das Wochenende mit dem Testspiel bei TuS Kruckel III. Ansto\u00df an der R\u00fcdinghauser Stra\u00dfe ist um 16.30 Uhr. <\/p>\n","protected":false},"excerpt":{"rendered":"<p>Testen&#8230;Testen&#8230;Testen &#8211; das ist erneut das Motto am bevorstehenden Wochenende. Immer mehr Jugendmannschaften von uns nehmen den Spielbetrieb wieder auf und bereiten sich f\u00fcr die bald startende Saison vor. Auch [&hellip;]<\/p>\n","protected":false},"author":2,"featured_media":606,"comment_status":"closed","ping_status":"open","sticky":false,"template":"","format":"standard","meta":{"_jetpack_memberships_contains_paid_content":false,"footnotes":""},"categories":[30,31,32,33,1,34,35],"tags":[],"class_list":["post-1628","post","type-post","status-publish","format-standard","has-post-thumbnail","hentry","category-1-mannschaft","category-2-mannschaft","category-3-mannschaft","category-4-mannschaft","category-allgemein","category-alte-herren","category-jugend"],"jetpack_sharing_enabled":true,"jetpack_featured_media_url":"https:\/\/sv-koerne83.de\/wordpress\/wp-content\/uploads\/2019\/08\/F6545CB4-8A6F-4C40-9239-70D1A9E5519C.jpeg","_links":{"self":[{"href":"https:\/\/sv-koerne83.de\/wordpress\/wp-json\/wp\/v2\/posts\/1628","targetHints":{"allow":["GET"]}}],"collection":[{"href":"https:\/\/sv-koerne83.de\/wordpress\/wp-json\/wp\/v2\/posts"}],"about":[{"href":"https:\/\/sv-koerne83.de\/wordpress\/wp-json\/wp\/v2\/types\/post"}],"author":[{"embeddable":true,"href":"https:\/\/sv-koerne83.de\/wordpress\/wp-json\/wp\/v2\/users\/2"}],"replies":[{"embeddable":true,"href":"https:\/\/sv-koerne83.de\/wordpress\/wp-json\/wp\/v2\/comments?post=1628"}],"version-history":[{"count":1,"href":"https:\/\/sv-koerne83.de\/wordpress\/wp-json\/wp\/v2\/posts\/1628\/revisions"}],"predecessor-version":[{"id":1629,"href":"https:\/\/sv-koerne83.de\/wordpress\/wp-json\/wp\/v2\/posts\/1628\/revisions\/1629"}],"wp:featuredmedia":[{"embeddable":true,"href":"https:\/\/sv-koerne83.de\/wordpress\/wp-json\/wp\/v2\/media\/606"}],"wp:attachment":[{"href":"https:\/\/sv-koerne83.de\/wordpress\/wp-json\/wp\/v2\/media?parent=1628"}],"wp:term":[{"taxonomy":"category","embeddable":true,"href":"https:\/\/sv-koerne83.de\/wordpress\/wp-json\/wp\/v2\/categories?post=1628"},{"taxonomy":"post_tag","embeddable":true,"href":"https:\/\/sv-koerne83.de\/wordpress\/wp-json\/wp\/v2\/tags?post=1628"}],"curies":[{"name":"wp","href":"https:\/\/api.w.org\/{rel}","templated":true}]}}