{"id":1631,"date":"2020-08-22T09:12:32","date_gmt":"2020-08-22T07:12:32","guid":{"rendered":"https:\/\/sv-koerne83.de\/wordpress\/?p=1631"},"modified":"2020-08-22T09:12:33","modified_gmt":"2020-08-22T07:12:33","slug":"vorbericht-b-jugend-lfc-laer-1906","status":"publish","type":"post","link":"https:\/\/sv-koerne83.de\/wordpress\/2020\/08\/22\/vorbericht-b-jugend-lfc-laer-1906\/","title":{"rendered":"Vorbericht: B-Jugend &#8211; LFC Laer 1906"},"content":{"rendered":"\n<p>Heute Nachmittag steigt das n\u00e4chste Testspiel unserer B-Jugend. Zu Gast in K\u00f6rne ist diesmal die Mannschaft vom LFC Laer 1906 aus Bochum.<\/p>\n\n\n\n<p>Der Gegner spielt in der neuen Saison in der Kreisliga C. F\u00fcr unsere G\u00e4ste ist dies das erste Testspiel in der Vorbereitung.<\/p>\n\n\n\n<p>F\u00fcr unsere B-Jugend sind die letzten Z\u00fcge der Vorbereitung angebrochen. Es gilt die ordentliche Leistung aus dem Spiel gegen H\u00f6rde nochmal zu verbessern. Luft nach oben ist immer noch vorhanden.<\/p>\n\n\n\n<p>Schiedsrichter ist Bj\u00f6rn Munko. Anstoss um 14.00 Uhr auf dem heimischen Sportplatz am Winkelriedweg.<\/p>\n","protected":false},"excerpt":{"rendered":"<p>Heute Nachmittag steigt das n\u00e4chste Testspiel unserer B-Jugend. Zu Gast in K\u00f6rne ist diesmal die Mannschaft vom LFC Laer 1906 aus Bochum. Der Gegner spielt in der neuen Saison in [&hellip;]<\/p>\n","protected":false},"author":3,"featured_media":1537,"comment_status":"closed","ping_status":"open","sticky":false,"template":"","format":"standard","meta":{"_jetpack_memberships_contains_paid_content":false,"footnotes":""},"categories":[1,35],"tags":[],"class_list":["post-1631","post","type-post","status-publish","format-standard","has-post-thumbnail","hentry","category-allgemein","category-jugend"],"jetpack_sharing_enabled":true,"jetpack_featured_media_url":"https:\/\/sv-koerne83.de\/wordpress\/wp-content\/uploads\/2020\/07\/15956908360986203072307900797977.jpg","_links":{"self":[{"href":"https:\/\/sv-koerne83.de\/wordpress\/wp-json\/wp\/v2\/posts\/1631","targetHints":{"allow":["GET"]}}],"collection":[{"href":"https:\/\/sv-koerne83.de\/wordpress\/wp-json\/wp\/v2\/posts"}],"about":[{"href":"https:\/\/sv-koerne83.de\/wordpress\/wp-json\/wp\/v2\/types\/post"}],"author":[{"embeddable":true,"href":"https:\/\/sv-koerne83.de\/wordpress\/wp-json\/wp\/v2\/users\/3"}],"replies":[{"embeddable":true,"href":"https:\/\/sv-koerne83.de\/wordpress\/wp-json\/wp\/v2\/comments?post=1631"}],"version-history":[{"count":1,"href":"https:\/\/sv-koerne83.de\/wordpress\/wp-json\/wp\/v2\/posts\/1631\/revisions"}],"predecessor-version":[{"id":1632,"href":"https:\/\/sv-koerne83.de\/wordpress\/wp-json\/wp\/v2\/posts\/1631\/revisions\/1632"}],"wp:featuredmedia":[{"embeddable":true,"href":"https:\/\/sv-koerne83.de\/wordpress\/wp-json\/wp\/v2\/media\/1537"}],"wp:attachment":[{"href":"https:\/\/sv-koerne83.de\/wordpress\/wp-json\/wp\/v2\/media?parent=1631"}],"wp:term":[{"taxonomy":"category","embeddable":true,"href":"https:\/\/sv-koerne83.de\/wordpress\/wp-json\/wp\/v2\/categories?post=1631"},{"taxonomy":"post_tag","embeddable":true,"href":"https:\/\/sv-koerne83.de\/wordpress\/wp-json\/wp\/v2\/tags?post=1631"}],"curies":[{"name":"wp","href":"https:\/\/api.w.org\/{rel}","templated":true}]}}