{"id":1634,"date":"2020-08-22T22:46:22","date_gmt":"2020-08-22T20:46:22","guid":{"rendered":"https:\/\/sv-koerne83.de\/wordpress\/?p=1634"},"modified":"2020-08-22T22:46:23","modified_gmt":"2020-08-22T20:46:23","slug":"e2-siegt-beim-test-in-castrop","status":"publish","type":"post","link":"https:\/\/sv-koerne83.de\/wordpress\/2020\/08\/22\/e2-siegt-beim-test-in-castrop\/","title":{"rendered":"E2 siegt beim Test in Castrop"},"content":{"rendered":"\n<p>Auch im zweiten Vorbereitungsspiel war die E2 vom SV K\u00f6rne erfolgreich.<\/p>\n\n\n\n<p>Bei herrlichem Fu\u00dfballwetter auf der nagelneuen Anlage der SG Castrop waren die Jungs vom SV K\u00f6rne von Beginn an spielbestimmend und dr\u00e4ngten den Gastgeber unerm\u00fcdlich in dessen H\u00e4lfte. Die logische Folge war das 1:0 durch Jakob Lorenz durch einem gef\u00fchlvollen Linksschuss (7.). Die K\u00f6rner dr\u00e4ngten auf das zweite Tor, trugen immer wieder gelungene Angriffe \u00fcber die Fl\u00fcgel nach vorne, doch das Castroper Geh\u00e4use war wie vernagelt. Zahlreiche Chancen blieben ungenutzt. Aus dem Nichts fiel pl\u00f6tzlich das 1:1, als nach einer Unachtsamkeit der Castroper St\u00fcrmer \u00fcber rechts allein aufs Tor lief und den starken Franz Jaeger im Tor \u00fcberwinden konnte. Auch nach dem Seitenwechsel blieb K\u00f6rne die bessere Mannschaft, stand hinten sehr stabil und machte nach vorne st\u00e4ndig Druck. Carl R\u00f6sing startete ein sehenswertes Solo \u00fcber links an 2-3 Gegnern vorbei, behielt die Ruhe und netzte klasse zum 2:1 ein. Doch dann wieder der Ausgleich f\u00fcr die Castroper. Eine Freisto\u00dfflanke segelte an Freund und Feind vorbei und der Ball zappelte im Netz. <br>\nSollten sich die ausgelassenen Chancen am Ende r\u00e4chen? Ein K\u00f6rner Sieg w\u00e4re verdient und noch blieben rund 5 Minuten. Die E2 spielte weiter konzentriert um in der hart umk\u00e4mpften Schlussphase noch einmal gef\u00e4hrlich vor das Tor zu kommen. Die Bem\u00fchungen wurden belohnt, als Lucas Kr\u00e4ling in halbrechter, aussichtsreicher Position an den Ball kommt, die \u00dcbersicht beh\u00e4lt und gekonnt vollendet. Das erl\u00f6sende 3:2 f\u00fcr den SVK! Am Ende brannte nichts mehr an und der zweite Sieg im zweiten Testspiel konnte bejubelt werden.<\/p>\n","protected":false},"excerpt":{"rendered":"<p>Auch im zweiten Vorbereitungsspiel war die E2 vom SV K\u00f6rne erfolgreich. Bei herrlichem Fu\u00dfballwetter auf der nagelneuen Anlage der SG Castrop waren die Jungs vom SV K\u00f6rne von Beginn an [&hellip;]<\/p>\n","protected":false},"author":2,"featured_media":68,"comment_status":"closed","ping_status":"open","sticky":false,"template":"","format":"standard","meta":{"_jetpack_memberships_contains_paid_content":false,"footnotes":""},"categories":[35],"tags":[],"class_list":["post-1634","post","type-post","status-publish","format-standard","has-post-thumbnail","hentry","category-jugend"],"jetpack_sharing_enabled":true,"jetpack_featured_media_url":"https:\/\/sv-koerne83.de\/wordpress\/wp-content\/uploads\/2019\/06\/Fotolia_66582604_S.jpg","_links":{"self":[{"href":"https:\/\/sv-koerne83.de\/wordpress\/wp-json\/wp\/v2\/posts\/1634","targetHints":{"allow":["GET"]}}],"collection":[{"href":"https:\/\/sv-koerne83.de\/wordpress\/wp-json\/wp\/v2\/posts"}],"about":[{"href":"https:\/\/sv-koerne83.de\/wordpress\/wp-json\/wp\/v2\/types\/post"}],"author":[{"embeddable":true,"href":"https:\/\/sv-koerne83.de\/wordpress\/wp-json\/wp\/v2\/users\/2"}],"replies":[{"embeddable":true,"href":"https:\/\/sv-koerne83.de\/wordpress\/wp-json\/wp\/v2\/comments?post=1634"}],"version-history":[{"count":1,"href":"https:\/\/sv-koerne83.de\/wordpress\/wp-json\/wp\/v2\/posts\/1634\/revisions"}],"predecessor-version":[{"id":1635,"href":"https:\/\/sv-koerne83.de\/wordpress\/wp-json\/wp\/v2\/posts\/1634\/revisions\/1635"}],"wp:featuredmedia":[{"embeddable":true,"href":"https:\/\/sv-koerne83.de\/wordpress\/wp-json\/wp\/v2\/media\/68"}],"wp:attachment":[{"href":"https:\/\/sv-koerne83.de\/wordpress\/wp-json\/wp\/v2\/media?parent=1634"}],"wp:term":[{"taxonomy":"category","embeddable":true,"href":"https:\/\/sv-koerne83.de\/wordpress\/wp-json\/wp\/v2\/categories?post=1634"},{"taxonomy":"post_tag","embeddable":true,"href":"https:\/\/sv-koerne83.de\/wordpress\/wp-json\/wp\/v2\/tags?post=1634"}],"curies":[{"name":"wp","href":"https:\/\/api.w.org\/{rel}","templated":true}]}}