{"id":1638,"date":"2020-08-23T00:17:35","date_gmt":"2020-08-22T22:17:35","guid":{"rendered":"https:\/\/sv-koerne83.de\/wordpress\/?p=1638"},"modified":"2020-08-23T00:17:36","modified_gmt":"2020-08-22T22:17:36","slug":"testspielsieg-unserer-b-jugend-ueber-lfc-laer-1906","status":"publish","type":"post","link":"https:\/\/sv-koerne83.de\/wordpress\/2020\/08\/23\/testspielsieg-unserer-b-jugend-ueber-lfc-laer-1906\/","title":{"rendered":"Testspielsieg unserer B-Jugend \u00fcber LFC Laer 1906"},"content":{"rendered":"\n<p>Am heutigen Samstag bestritt unsere B-Jugend ein weiteres Testspiel zur Vorbereitung auf die neue Saison. Diesmal war der Gegner LFC Laer 1906 aus Bochum.<\/p>\n\n\n\n<p>K\u00f6rne begann das Spiel mit hohem Ballbesitz. Der Gast ging mit seiner ersten Chance in F\u00fchrung. Der LFC half im Gegenzug kr\u00e4ftig mit als der gegnerische Keeper einen Pass direkt in die F\u00fc\u00dfe von Aris spielte. Dieser hatte keine M\u00fche den Ball ins Leere Tor zu schie\u00dfen. Die Chancen wurden immer besser heraus gespielt. Trotzdem reichte es nur zu einem weiteren Treffer von Aris nach tollem Zusammenspiel.<\/p>\n\n\n\n<p>In der zweiten Halbzeit hatte die Truppe aus Bochum keine nennenswerte Chance mehr. Der SVK konnte endlich auch die \u00dcberlegenheit in Tore umm\u00fcnzen. Aris schn\u00fcrte ein Viererpack. Mansour und Joshua erzielten die weiteren Treffer. In der Verteidigung lie\u00df man absolut nichts anbrennen. Die gesamte Defensive spielte sehr konzentriert.<\/p>\n\n\n\n<p>Das Einzige was man zu bem\u00e4ngeln hatte, war die etwas schwache Torausbeute, da die Chancen da waren. Immerhin konnte Joshua sich endlich f\u00fcr seine Arbeit im Training belohnen. Hier hei\u00dft es weiter dran bleiben.<\/p>\n\n\n\n<p>Lange hat das Team nicht Zeit zu regenerieren. Bereits am morgigen Sonntag steht bereits das n\u00e4chste Testspiel an.<\/p>\n\n\n\n<p><strong>SV K\u00f6rne 83 &#8211; LFC Laer 1906 6:1 (2:1)<\/strong><br>Aufstellung: 1 Einhaus, 3 Shamradi, 5 Khassyanov, 7 Halidov, 8 El Mohammed, 9 Zaydev (55. 19 Amhaouch), 12 Abdul Razag (47. 13 Nguendiama), 14 Litis (41. 21 Opiela), 15 Arispe (c), 18 Reidinger, 22 Amiri (45. 20 El Bakouri)<\/p>\n\n\n\n<p>Tore: 0:1 (10.), <strong>1:1 Litis (11.), 2:1 Litis (22.), 3:1 Litis (60.), 4:1 Opiela (61.), 5:1 Amiri (63.), 6:1 Litis (70.)<\/strong> <\/p>\n\n\n\n<p><strong>N\u00e4chster Termin:<br>Sonntag 23.08.2020 16.00 Uhr<br>Testspiel:<br>SV K\u00f6rne 83 &#8211; VfB Waltrop III<\/strong><\/p>\n","protected":false},"excerpt":{"rendered":"<p>Am heutigen Samstag bestritt unsere B-Jugend ein weiteres Testspiel zur Vorbereitung auf die neue Saison. Diesmal war der Gegner LFC Laer 1906 aus Bochum. K\u00f6rne begann das Spiel mit hohem [&hellip;]<\/p>\n","protected":false},"author":3,"featured_media":1639,"comment_status":"closed","ping_status":"open","sticky":false,"template":"","format":"standard","meta":{"_jetpack_memberships_contains_paid_content":false,"footnotes":""},"categories":[1,35],"tags":[],"class_list":["post-1638","post","type-post","status-publish","format-standard","has-post-thumbnail","hentry","category-allgemein","category-jugend"],"jetpack_sharing_enabled":true,"jetpack_featured_media_url":"https:\/\/sv-koerne83.de\/wordpress\/wp-content\/uploads\/2020\/08\/IMG-20200822-WA0024.jpg","_links":{"self":[{"href":"https:\/\/sv-koerne83.de\/wordpress\/wp-json\/wp\/v2\/posts\/1638","targetHints":{"allow":["GET"]}}],"collection":[{"href":"https:\/\/sv-koerne83.de\/wordpress\/wp-json\/wp\/v2\/posts"}],"about":[{"href":"https:\/\/sv-koerne83.de\/wordpress\/wp-json\/wp\/v2\/types\/post"}],"author":[{"embeddable":true,"href":"https:\/\/sv-koerne83.de\/wordpress\/wp-json\/wp\/v2\/users\/3"}],"replies":[{"embeddable":true,"href":"https:\/\/sv-koerne83.de\/wordpress\/wp-json\/wp\/v2\/comments?post=1638"}],"version-history":[{"count":1,"href":"https:\/\/sv-koerne83.de\/wordpress\/wp-json\/wp\/v2\/posts\/1638\/revisions"}],"predecessor-version":[{"id":1641,"href":"https:\/\/sv-koerne83.de\/wordpress\/wp-json\/wp\/v2\/posts\/1638\/revisions\/1641"}],"wp:featuredmedia":[{"embeddable":true,"href":"https:\/\/sv-koerne83.de\/wordpress\/wp-json\/wp\/v2\/media\/1639"}],"wp:attachment":[{"href":"https:\/\/sv-koerne83.de\/wordpress\/wp-json\/wp\/v2\/media?parent=1638"}],"wp:term":[{"taxonomy":"category","embeddable":true,"href":"https:\/\/sv-koerne83.de\/wordpress\/wp-json\/wp\/v2\/categories?post=1638"},{"taxonomy":"post_tag","embeddable":true,"href":"https:\/\/sv-koerne83.de\/wordpress\/wp-json\/wp\/v2\/tags?post=1638"}],"curies":[{"name":"wp","href":"https:\/\/api.w.org\/{rel}","templated":true}]}}