{"id":1643,"date":"2020-08-23T00:25:29","date_gmt":"2020-08-22T22:25:29","guid":{"rendered":"https:\/\/sv-koerne83.de\/wordpress\/?p=1643"},"modified":"2020-08-23T00:25:31","modified_gmt":"2020-08-22T22:25:31","slug":"vorbericht-b-jugend-vfb-waltrop-iii","status":"publish","type":"post","link":"https:\/\/sv-koerne83.de\/wordpress\/2020\/08\/23\/vorbericht-b-jugend-vfb-waltrop-iii\/","title":{"rendered":"Vorbericht: B-Jugend &#8211; VfB Waltrop III"},"content":{"rendered":"\n<p>Am heutigen Sonntag ist mit dem VfB Waltrop III ein weiterer guter Testgegner f\u00fcr unsere B-Jugend zu Gast.<\/p>\n\n\n\n<p>Die Jugendabteilung des VfB steht seit Jahren f\u00fcr sehr gute Jugendarbeit mit hochklassig spielenden Teams. Es wird ein echter H\u00e4rtetest werden f\u00fcr den SV K\u00f6rne 83.<\/p>\n\n\n\n<p>Unserer B-Jugend wird personell ein wenig rotieren, nachdem man gestern den LFC Laer 1906 besiegte.<\/p>\n\n\n\n<p>Ansto\u00df ist um 16.00 Uhr auf dem heimischen Sportplatz am Winkelriedweg. Geleitet wird die Parte vom angesetzten Schiedsrichter Mertol Bozatti.<\/p>\n","protected":false},"excerpt":{"rendered":"<p>Am heutigen Sonntag ist mit dem VfB Waltrop III ein weiterer guter Testgegner f\u00fcr unsere B-Jugend zu Gast. Die Jugendabteilung des VfB steht seit Jahren f\u00fcr sehr gute Jugendarbeit mit [&hellip;]<\/p>\n","protected":false},"author":3,"featured_media":1644,"comment_status":"closed","ping_status":"open","sticky":false,"template":"","format":"standard","meta":{"_jetpack_memberships_contains_paid_content":false,"footnotes":""},"categories":[1,35],"tags":[],"class_list":["post-1643","post","type-post","status-publish","format-standard","has-post-thumbnail","hentry","category-allgemein","category-jugend"],"jetpack_sharing_enabled":true,"jetpack_featured_media_url":"https:\/\/sv-koerne83.de\/wordpress\/wp-content\/uploads\/2020\/08\/IMG-20200822-WA0022.jpg","_links":{"self":[{"href":"https:\/\/sv-koerne83.de\/wordpress\/wp-json\/wp\/v2\/posts\/1643","targetHints":{"allow":["GET"]}}],"collection":[{"href":"https:\/\/sv-koerne83.de\/wordpress\/wp-json\/wp\/v2\/posts"}],"about":[{"href":"https:\/\/sv-koerne83.de\/wordpress\/wp-json\/wp\/v2\/types\/post"}],"author":[{"embeddable":true,"href":"https:\/\/sv-koerne83.de\/wordpress\/wp-json\/wp\/v2\/users\/3"}],"replies":[{"embeddable":true,"href":"https:\/\/sv-koerne83.de\/wordpress\/wp-json\/wp\/v2\/comments?post=1643"}],"version-history":[{"count":1,"href":"https:\/\/sv-koerne83.de\/wordpress\/wp-json\/wp\/v2\/posts\/1643\/revisions"}],"predecessor-version":[{"id":1645,"href":"https:\/\/sv-koerne83.de\/wordpress\/wp-json\/wp\/v2\/posts\/1643\/revisions\/1645"}],"wp:featuredmedia":[{"embeddable":true,"href":"https:\/\/sv-koerne83.de\/wordpress\/wp-json\/wp\/v2\/media\/1644"}],"wp:attachment":[{"href":"https:\/\/sv-koerne83.de\/wordpress\/wp-json\/wp\/v2\/media?parent=1643"}],"wp:term":[{"taxonomy":"category","embeddable":true,"href":"https:\/\/sv-koerne83.de\/wordpress\/wp-json\/wp\/v2\/categories?post=1643"},{"taxonomy":"post_tag","embeddable":true,"href":"https:\/\/sv-koerne83.de\/wordpress\/wp-json\/wp\/v2\/tags?post=1643"}],"curies":[{"name":"wp","href":"https:\/\/api.w.org\/{rel}","templated":true}]}}