{"id":1665,"date":"2020-08-25T13:39:24","date_gmt":"2020-08-25T11:39:24","guid":{"rendered":"https:\/\/sv-koerne83.de\/wordpress\/?p=1665"},"modified":"2020-08-25T13:39:24","modified_gmt":"2020-08-25T11:39:24","slug":"gruppeneinteilungen-im-seniorenbereich","status":"publish","type":"post","link":"https:\/\/sv-koerne83.de\/wordpress\/2020\/08\/25\/gruppeneinteilungen-im-seniorenbereich\/","title":{"rendered":"Gruppeneinteilungen im Seniorenbereich"},"content":{"rendered":"\n<p>Unsere 4 Seniorenmannschaft werden in dieser Saison in allen Dortmunder Kreisligen vertreten sein. Hier erhaltet ihr die \u00dcbersicht der Gruppengegner.<\/p>\n\n\n\n<p><strong><span style=\"text-decoration: underline;\">Kreisliga A2 &#8211; 1. Mannschaft<\/span><\/strong><br>BV Brambauer 13\/\u200b45 e.V. II<br>Dortmunder L\u00f6wen &#8211; Brackel 61<br>Eving Selimiye Spor<br>K.F. Sharri Dortmund<br>Mengede 08\/\u200b20 II<br>Osmanlispor Dortmund<br>SC Husen Kurl<br>SF Ay Yildiz Derne<br>SF S\u00f6lderholz<br>SG Alemannia Scharnhorst<br>SG Gahmen 24\/\u200b74<br>SV Preu\u00dfen 07 L\u00fcnen<br>TuS Neuasseln<br>VFB L\u00fcnen<br>VFR Kirchlinde II<br>VfL Kemminghausen II<br>VfR S\u00f6lde II<\/p>\n\n\n\n<p><strong><span style=\"text-decoration: underline;\">Kreisliga B4 &#8211; 2. Mannschaft<\/span><\/strong><br>BV L\u00fcnen 05 II<br>BV Westfalia Wickede II<br>DJK TuS K\u00f6rne II<br>Dortmunder L\u00f6wen &#8211; Brackel 61 II<br>FV Scharnhorst<br>NK Zagreb<br>SC Husen Kurl II<br>SV Brackel 06 II<br>SV Westrich III<br>SpVg Berghofen II<br>TV Brechten II<br>TuRa Asseln<br>TuS Eichlinghofen III<br>TuS Neuasseln II<br>Wambeler SV<br>\u00d6SG Viktoria 08 e.V. Dortmund<\/p>\n\n\n\n<p><strong><span style=\"text-decoration: underline;\">Kreisliga C5 &#8211; 3. Mannschaft<\/span><\/strong><br>BV Teutonia Lanstrop<br>DJK RW Obereving<br>DJK TuS K\u00f6rne III<br>Dortmunder L\u00f6wen &#8211; Brackel 61 III<br>FC 3. August e.V.<br>FC Dortmund `18<br>FC Merkur 07 II<br>L\u00fcner SV IV<br>Posterum United Dortmund<br>RW Barop III<br>SC Husen Kurl IV<br>TuRa Asseln II<br>TuS Neuasseln III<br>T\u00fcrkspor Dortmund 2000 e.V. IV<br>Wambeler SV II<br>\u00d6SG Viktoria 08 Dortmund II<\/p>\n\n\n\n<p><strong><span style=\"text-decoration: underline;\">Kreisliga C6 &#8211; 4. Mannschaft<\/span><\/strong><br>DJK Saxonia<br>Dortmunder L\u00f6wen &#8211; Brackel 61 IV<br>FC BSG DSW21\/\u200bDEW21 e.V. II<br>FC Dortmund `18 II<br>FC Ezidxan Dortmund e.V.<br>FC Wellinghofen II<br>Genclerbirligi H\u00f6rde II<br>K.F. Sharri Dortmund III<br>MSV Dortmund e.V.<br>SF S\u00f6lderholz III<br>SV Dortmund &#8211; Wickede<br>South Dortmund Soccers II<br>SuS Derne19 III<br>SuS H\u00f6rde II<br>VFL Schwerte III<\/p>\n","protected":false},"excerpt":{"rendered":"<p>Unsere 4 Seniorenmannschaft werden in dieser Saison in allen Dortmunder Kreisligen vertreten sein. Hier erhaltet ihr die \u00dcbersicht der Gruppengegner. Kreisliga A2 &#8211; 1. MannschaftBV Brambauer 13\/\u200b45 e.V. IIDortmunder L\u00f6wen [&hellip;]<\/p>\n","protected":false},"author":2,"featured_media":1208,"comment_status":"closed","ping_status":"open","sticky":false,"template":"","format":"standard","meta":{"_jetpack_memberships_contains_paid_content":false,"footnotes":""},"categories":[30,31,32,33,1],"tags":[],"class_list":["post-1665","post","type-post","status-publish","format-standard","has-post-thumbnail","hentry","category-1-mannschaft","category-2-mannschaft","category-3-mannschaft","category-4-mannschaft","category-allgemein"],"jetpack_sharing_enabled":true,"jetpack_featured_media_url":"https:\/\/sv-koerne83.de\/wordpress\/wp-content\/uploads\/2020\/01\/img_1534.jpg","_links":{"self":[{"href":"https:\/\/sv-koerne83.de\/wordpress\/wp-json\/wp\/v2\/posts\/1665","targetHints":{"allow":["GET"]}}],"collection":[{"href":"https:\/\/sv-koerne83.de\/wordpress\/wp-json\/wp\/v2\/posts"}],"about":[{"href":"https:\/\/sv-koerne83.de\/wordpress\/wp-json\/wp\/v2\/types\/post"}],"author":[{"embeddable":true,"href":"https:\/\/sv-koerne83.de\/wordpress\/wp-json\/wp\/v2\/users\/2"}],"replies":[{"embeddable":true,"href":"https:\/\/sv-koerne83.de\/wordpress\/wp-json\/wp\/v2\/comments?post=1665"}],"version-history":[{"count":1,"href":"https:\/\/sv-koerne83.de\/wordpress\/wp-json\/wp\/v2\/posts\/1665\/revisions"}],"predecessor-version":[{"id":1666,"href":"https:\/\/sv-koerne83.de\/wordpress\/wp-json\/wp\/v2\/posts\/1665\/revisions\/1666"}],"wp:featuredmedia":[{"embeddable":true,"href":"https:\/\/sv-koerne83.de\/wordpress\/wp-json\/wp\/v2\/media\/1208"}],"wp:attachment":[{"href":"https:\/\/sv-koerne83.de\/wordpress\/wp-json\/wp\/v2\/media?parent=1665"}],"wp:term":[{"taxonomy":"category","embeddable":true,"href":"https:\/\/sv-koerne83.de\/wordpress\/wp-json\/wp\/v2\/categories?post=1665"},{"taxonomy":"post_tag","embeddable":true,"href":"https:\/\/sv-koerne83.de\/wordpress\/wp-json\/wp\/v2\/tags?post=1665"}],"curies":[{"name":"wp","href":"https:\/\/api.w.org\/{rel}","templated":true}]}}