{"id":1668,"date":"2020-08-26T21:42:45","date_gmt":"2020-08-26T19:42:45","guid":{"rendered":"https:\/\/sv-koerne83.de\/wordpress\/?p=1668"},"modified":"2020-08-26T21:42:45","modified_gmt":"2020-08-26T19:42:45","slug":"b-jugend-verliert-hochverdient-gegen-den-vfb-waltrop-iii","status":"publish","type":"post","link":"https:\/\/sv-koerne83.de\/wordpress\/2020\/08\/26\/b-jugend-verliert-hochverdient-gegen-den-vfb-waltrop-iii\/","title":{"rendered":"B-Jugend verliert hochverdient gegen den VfB Waltrop III"},"content":{"rendered":"\n<p>Am letzten Sonntag traf unsere B-Jugend in einem weiteren Testspiel auf die Mannschaft des VfB Waltrop.<\/p>\n\n\n\n<p>Das Spiel war keine zwei Minuten alt, da hie\u00df es schon Handelfmeter f\u00fcr die G\u00e4ste. Alex entsch\u00e4rfte den Elfer \u00fcberragend und hielt so die Null.<\/p>\n\n\n\n<p>Viele Abspielfehler, wenig Laufbereitschaft. Schlichtweg die Einstellung in gro\u00dfen Teilen der Mannschaft stimmte nicht. So war es auch kein Wunder das der VfB verdient mit 0:2 in die Halbzeit ging. <\/p>\n\n\n\n<p>Nach der Pause wurde es ein wenig besser im Spiel der K\u00f6rner, allerdings konnte man kaum sich mal entscheidend vorm Tor Chancen herausspielen. Die Quittung war das 0:3. Alex war es zu verdanken, dass am Ende nur ein 0:3 zu Buche stand. Kurz vor Schluss gab es f\u00fcr den SVK nochmal eine Doppelchance. Leider konnten diese Chancen nicht genutzt werden. Hier konnte man zumindest andeuten, dass man eigentlich auch Fu\u00dfball spielen kann. Allerdings waren heute zu viele Spieler dabei, die nicht  ihre Normalform zeigen konnten.<\/p>\n\n\n\n<p>Man muss sich sch\u00fctteln und es am kommenden Wochenende besser machen. Hier stehen dann die letzten beiden Vorbereitungsspiele statt, bevor es endlich mit der Meisterschaft losgeht.<\/p>\n\n\n\n<p><strong>SV K\u00f6rne 83 &#8211; VfB Waltrop III 0:3 (0:2)<\/strong><br>Aufstellung: 1 Halidov, 3 Shamradi, 5 Khassyanov, 8 El Mohammed (41. 13 Nguendiama), 9 Zaydev, 10 Gettel (55. 16 Scheja), 12 Abdul Razag, 14 Litis, 18 Reidinger (c) (46. 19 Amhaouch), 21 Opiela, 22 Amiri (46. 4 Al Ahmad)<\/p>\n\n\n\n<p>Tore: 0:1 (18.), 0:2 (36.), 0:3 (73.)<br><strong>Besondere Vorkomnisse:<br>Halidov h\u00e4lt Handelfmeter (2.)<br>Amiri verschie\u00dft Foulelfmeter (35.)<\/strong><\/p>\n\n\n\n<p><strong>N\u00e4chster Termin:<br>Sonntag 29.08.2020 14.00 Uhr<br>Testspiel:<br>SV K\u00f6rne 83 &#8211; SSV L\u00fcdenscheid<\/strong><\/p>\n","protected":false},"excerpt":{"rendered":"<p>Am letzten Sonntag traf unsere B-Jugend in einem weiteren Testspiel auf die Mannschaft des VfB Waltrop. Das Spiel war keine zwei Minuten alt, da hie\u00df es schon Handelfmeter f\u00fcr die [&hellip;]<\/p>\n","protected":false},"author":3,"featured_media":1669,"comment_status":"closed","ping_status":"open","sticky":false,"template":"","format":"standard","meta":{"_jetpack_memberships_contains_paid_content":false,"footnotes":""},"categories":[1,35],"tags":[],"class_list":["post-1668","post","type-post","status-publish","format-standard","has-post-thumbnail","hentry","category-allgemein","category-jugend"],"jetpack_sharing_enabled":true,"jetpack_featured_media_url":"https:\/\/sv-koerne83.de\/wordpress\/wp-content\/uploads\/2020\/08\/IMG-20200824-WA0006.jpg","_links":{"self":[{"href":"https:\/\/sv-koerne83.de\/wordpress\/wp-json\/wp\/v2\/posts\/1668","targetHints":{"allow":["GET"]}}],"collection":[{"href":"https:\/\/sv-koerne83.de\/wordpress\/wp-json\/wp\/v2\/posts"}],"about":[{"href":"https:\/\/sv-koerne83.de\/wordpress\/wp-json\/wp\/v2\/types\/post"}],"author":[{"embeddable":true,"href":"https:\/\/sv-koerne83.de\/wordpress\/wp-json\/wp\/v2\/users\/3"}],"replies":[{"embeddable":true,"href":"https:\/\/sv-koerne83.de\/wordpress\/wp-json\/wp\/v2\/comments?post=1668"}],"version-history":[{"count":1,"href":"https:\/\/sv-koerne83.de\/wordpress\/wp-json\/wp\/v2\/posts\/1668\/revisions"}],"predecessor-version":[{"id":1670,"href":"https:\/\/sv-koerne83.de\/wordpress\/wp-json\/wp\/v2\/posts\/1668\/revisions\/1670"}],"wp:featuredmedia":[{"embeddable":true,"href":"https:\/\/sv-koerne83.de\/wordpress\/wp-json\/wp\/v2\/media\/1669"}],"wp:attachment":[{"href":"https:\/\/sv-koerne83.de\/wordpress\/wp-json\/wp\/v2\/media?parent=1668"}],"wp:term":[{"taxonomy":"category","embeddable":true,"href":"https:\/\/sv-koerne83.de\/wordpress\/wp-json\/wp\/v2\/categories?post=1668"},{"taxonomy":"post_tag","embeddable":true,"href":"https:\/\/sv-koerne83.de\/wordpress\/wp-json\/wp\/v2\/tags?post=1668"}],"curies":[{"name":"wp","href":"https:\/\/api.w.org\/{rel}","templated":true}]}}