{"id":1671,"date":"2020-08-27T07:17:52","date_gmt":"2020-08-27T05:17:52","guid":{"rendered":"https:\/\/sv-koerne83.de\/wordpress\/?p=1671"},"modified":"2020-08-27T07:17:52","modified_gmt":"2020-08-27T05:17:52","slug":"e2-testet-weiter-erfolgreich","status":"publish","type":"post","link":"https:\/\/sv-koerne83.de\/wordpress\/2020\/08\/27\/e2-testet-weiter-erfolgreich\/","title":{"rendered":"E2 testet weiter erfolgreich"},"content":{"rendered":"\n<p>Der gute Eindruck der Vorwochen best\u00e4tigte sich auch im dritten Testspiel, welches die E2 vom SV K\u00f6rne mit 5:1 gewinnen konnte.<\/p>\n\n\n\n<p>Trainer Andreas Lorenz standen beim Test \u00fcber 3 x 20 Minuten gegen den ASC IV (Jahrgang 2010) alle 14 Spieler seines E2 Kaders zur Verf\u00fcgung.<\/p>\n\n\n\n<p>So wurde mit zwei 7er-Teams alle 10 Minuten komplett durchgewechselt.<\/p>\n\n\n\n<figure class=\"wp-block-image size-large\"><img loading=\"lazy\" decoding=\"async\" width=\"1024\" height=\"768\" src=\"https:\/\/sv-koerne83.de\/wordpress\/wp-content\/uploads\/2020\/08\/IMG_0243-1024x768.jpg\" alt=\"\" class=\"wp-image-1673\" srcset=\"https:\/\/sv-koerne83.de\/wordpress\/wp-content\/uploads\/2020\/08\/IMG_0243-1024x768.jpg 1024w, https:\/\/sv-koerne83.de\/wordpress\/wp-content\/uploads\/2020\/08\/IMG_0243-300x225.jpg 300w, https:\/\/sv-koerne83.de\/wordpress\/wp-content\/uploads\/2020\/08\/IMG_0243-768x576.jpg 768w, https:\/\/sv-koerne83.de\/wordpress\/wp-content\/uploads\/2020\/08\/IMG_0243-1536x1152.jpg 1536w, https:\/\/sv-koerne83.de\/wordpress\/wp-content\/uploads\/2020\/08\/IMG_0243-2048x1536.jpg 2048w, https:\/\/sv-koerne83.de\/wordpress\/wp-content\/uploads\/2020\/08\/IMG_0243-128x96.jpg 128w, https:\/\/sv-koerne83.de\/wordpress\/wp-content\/uploads\/2020\/08\/IMG_0243-32x24.jpg 32w\" sizes=\"auto, (max-width: 1024px) 100vw, 1024px\" \/><figcaption>Begr\u00fc\u00dfung in Aplerbeck<\/figcaption><\/figure>\n\n\n\n<p>Die Mannschaft aus K\u00f6rne wirkte von Beginn an sehr pr\u00e4sent, bekam schnell Zugriff und gewann die entscheidenden Zweik\u00e4mpfe. Bereits nach 47 Sekunden erzielte Jaki nach einem schnellen Einwurf von Berivan mit einem gef\u00fchlvollen Heber das 1:0. Das darauffolgende 2:0 (Jaki, 8.) gab zun\u00e4chst Sicherheit, es entwickelte sich dann aber ein munteres Hin und Her. Wenn die Aplerbecker mal \u00fcber deren starke rechte Angriffsseite durchkamen konnten sich beide Torh\u00fcter, im Wechsel Kjell und Franz, auszeichnen.<\/p>\n\n\n\n<p>Nach der ersten Pause begann der SVK wieder druckvoll und ein Doppelpack des treffsicheren Lucas (22., 28.) sorgte f\u00fcr klare Verh\u00e4ltnisse. Die Zeichen standen nun eindeutig auf Sieg.<\/p>\n\n\n\n<p>Der ASC konnte das Spiel in der Folge offener gestalten und kam immer h\u00e4ufiger gef\u00e4hrlich vor das Tor, scheiterte aber entweder an den SVK-Torh\u00fctern oder dem Aluminium.<\/p>\n\n\n\n<figure class=\"wp-block-image size-large\"><img loading=\"lazy\" decoding=\"async\" width=\"1024\" height=\"683\" src=\"https:\/\/sv-koerne83.de\/wordpress\/wp-content\/uploads\/2020\/08\/IMG_4286-1-1024x683.jpg\" alt=\"\" class=\"wp-image-1674\" srcset=\"https:\/\/sv-koerne83.de\/wordpress\/wp-content\/uploads\/2020\/08\/IMG_4286-1-1024x683.jpg 1024w, https:\/\/sv-koerne83.de\/wordpress\/wp-content\/uploads\/2020\/08\/IMG_4286-1-300x200.jpg 300w, https:\/\/sv-koerne83.de\/wordpress\/wp-content\/uploads\/2020\/08\/IMG_4286-1-768x512.jpg 768w, https:\/\/sv-koerne83.de\/wordpress\/wp-content\/uploads\/2020\/08\/IMG_4286-1-1536x1024.jpg 1536w, https:\/\/sv-koerne83.de\/wordpress\/wp-content\/uploads\/2020\/08\/IMG_4286-1-2048x1365.jpg 2048w, https:\/\/sv-koerne83.de\/wordpress\/wp-content\/uploads\/2020\/08\/IMG_4286-1-128x85.jpg 128w, https:\/\/sv-koerne83.de\/wordpress\/wp-content\/uploads\/2020\/08\/IMG_4286-1-32x21.jpg 32w\" sizes=\"auto, (max-width: 1024px) 100vw, 1024px\" \/><figcaption>Antreiber Levi war heute kaum zu stoppen<\/figcaption><\/figure>\n\n\n\n<p>Mitten in der Drangphase des ASC erzielte die flei\u00dfige Berivan das 5:0 und kr\u00f6nte damit Ihre tolle Leistung (51.). Die Aplerbecker kamen erst in der Schlussminute zum verdienten Treffer. Das Ergebnis fiel in dem von Windb\u00f6en begleiteten Spiel am Ende etwas zu hoch aus.<\/p>\n\n\n\n<p>Scheinbar kommt die junge K\u00f6rner Mannschaft immer besser mit dem gr\u00f6\u00dferen E-Jugendfeld zurecht. Auff\u00e4llig auch die Entschlossenheit der immer wieder aufr\u00fcckenden Abwehr, welche die R\u00e4ume dadurch eng machte und immer wieder B\u00e4lle erobern konnte. &nbsp;<\/p>\n\n\n\n<p>Am Samstag steht ein Heimspiel gegen die Dortmunder L\u00f6wen &#8211; Brackel 61 E2 auf dem Programm (10.00 Uhr Sportplatz Winkelriedweg)<\/p>\n","protected":false},"excerpt":{"rendered":"<p>Der gute Eindruck der Vorwochen best\u00e4tigte sich auch im dritten Testspiel, welches die E2 vom SV K\u00f6rne mit 5:1 gewinnen konnte. Trainer Andreas Lorenz standen beim Test \u00fcber 3 x [&hellip;]<\/p>\n","protected":false},"author":2,"featured_media":1672,"comment_status":"closed","ping_status":"open","sticky":false,"template":"","format":"standard","meta":{"_jetpack_memberships_contains_paid_content":false,"footnotes":""},"categories":[1,35],"tags":[],"class_list":["post-1671","post","type-post","status-publish","format-standard","has-post-thumbnail","hentry","category-allgemein","category-jugend"],"jetpack_sharing_enabled":true,"jetpack_featured_media_url":"https:\/\/sv-koerne83.de\/wordpress\/wp-content\/uploads\/2020\/08\/IMG_4286-scaled.jpg","_links":{"self":[{"href":"https:\/\/sv-koerne83.de\/wordpress\/wp-json\/wp\/v2\/posts\/1671","targetHints":{"allow":["GET"]}}],"collection":[{"href":"https:\/\/sv-koerne83.de\/wordpress\/wp-json\/wp\/v2\/posts"}],"about":[{"href":"https:\/\/sv-koerne83.de\/wordpress\/wp-json\/wp\/v2\/types\/post"}],"author":[{"embeddable":true,"href":"https:\/\/sv-koerne83.de\/wordpress\/wp-json\/wp\/v2\/users\/2"}],"replies":[{"embeddable":true,"href":"https:\/\/sv-koerne83.de\/wordpress\/wp-json\/wp\/v2\/comments?post=1671"}],"version-history":[{"count":1,"href":"https:\/\/sv-koerne83.de\/wordpress\/wp-json\/wp\/v2\/posts\/1671\/revisions"}],"predecessor-version":[{"id":1675,"href":"https:\/\/sv-koerne83.de\/wordpress\/wp-json\/wp\/v2\/posts\/1671\/revisions\/1675"}],"wp:featuredmedia":[{"embeddable":true,"href":"https:\/\/sv-koerne83.de\/wordpress\/wp-json\/wp\/v2\/media\/1672"}],"wp:attachment":[{"href":"https:\/\/sv-koerne83.de\/wordpress\/wp-json\/wp\/v2\/media?parent=1671"}],"wp:term":[{"taxonomy":"category","embeddable":true,"href":"https:\/\/sv-koerne83.de\/wordpress\/wp-json\/wp\/v2\/categories?post=1671"},{"taxonomy":"post_tag","embeddable":true,"href":"https:\/\/sv-koerne83.de\/wordpress\/wp-json\/wp\/v2\/tags?post=1671"}],"curies":[{"name":"wp","href":"https:\/\/api.w.org\/{rel}","templated":true}]}}