{"id":1680,"date":"2020-08-29T20:26:03","date_gmt":"2020-08-29T18:26:03","guid":{"rendered":"https:\/\/sv-koerne83.de\/wordpress\/?p=1680"},"modified":"2020-08-29T20:26:03","modified_gmt":"2020-08-29T18:26:03","slug":"e2-siegt-gegen-dortmunder-loewen-brackel-82","status":"publish","type":"post","link":"https:\/\/sv-koerne83.de\/wordpress\/2020\/08\/29\/e2-siegt-gegen-dortmunder-loewen-brackel-82\/","title":{"rendered":"E2 siegt gegen Dortmunder L\u00f6wen Brackel 8:2"},"content":{"rendered":"\n<p>Infolge einer berauschenden zweite Halbzeit gelang der E2 des SV K\u00f6rne der vierte Sieg im vierten Vorbereitungsspiel.<\/p>\n\n\n\n<p>Am Anfang sah es jedoch \u00fcberhaupt nicht danach aus. Die technisch versierten Dortmunder L\u00f6wen Brackel 61 II schn\u00fcrten die K\u00f6rner von der ersten Sekunde an in deren Strafraum ein. Es gab kaum Entlastung. Dem starken Kjell im Tor, der vielbeinigen, disziplinierten Abwehr und etwas Gl\u00fcck war es zu verdanken, dass diese Phase ohne Gegentor \u00fcberstanden werden konnte. Julius im Abwehrzentrum und seine Mitstreiter mussten mehrfach in h\u00f6chster Not kl\u00e4ren.<\/p>\n\n\n\n<figure class=\"wp-block-image size-large\"><img loading=\"lazy\" decoding=\"async\" width=\"803\" height=\"1024\" src=\"https:\/\/sv-koerne83.de\/wordpress\/wp-content\/uploads\/2020\/08\/img_4530-803x1024.jpg\" alt=\"\" class=\"wp-image-1682\" srcset=\"https:\/\/sv-koerne83.de\/wordpress\/wp-content\/uploads\/2020\/08\/img_4530-803x1024.jpg 803w, https:\/\/sv-koerne83.de\/wordpress\/wp-content\/uploads\/2020\/08\/img_4530-235x300.jpg 235w, https:\/\/sv-koerne83.de\/wordpress\/wp-content\/uploads\/2020\/08\/img_4530-768x979.jpg 768w, https:\/\/sv-koerne83.de\/wordpress\/wp-content\/uploads\/2020\/08\/img_4530-1205x1536.jpg 1205w, https:\/\/sv-koerne83.de\/wordpress\/wp-content\/uploads\/2020\/08\/img_4530-1606x2048.jpg 1606w, https:\/\/sv-koerne83.de\/wordpress\/wp-content\/uploads\/2020\/08\/img_4530-100x128.jpg 100w, https:\/\/sv-koerne83.de\/wordpress\/wp-content\/uploads\/2020\/08\/img_4530-25x32.jpg 25w, https:\/\/sv-koerne83.de\/wordpress\/wp-content\/uploads\/2020\/08\/img_4530-scaled.jpg 2008w\" sizes=\"auto, (max-width: 803px) 100vw, 803px\" \/><figcaption><em>Hielt den Kasten in der brisanten Anfangsphase sauber: Kjell<\/em>.<\/figcaption><\/figure>\n\n\n\n<p>Dann konnte sich die E2 etwas aus der Umklammerung befreien und zeigte, dass sie auch blitzschnell umschalten und gef\u00e4hrlich kontern kann. Zwei sehenswerte Tore durch Jaki (7.) und den flinken Edi (12.) nach \u00fcberfallartigen Angriffen bedeuteten die f\u00fcr alle \u00fcberraschende F\u00fchrung. Fortan war die Partie ausgeglichener und mit dem 2:0 ging es in die Pause.<\/p>\n\n\n\n<figure class=\"wp-block-image size-large\"><img loading=\"lazy\" decoding=\"async\" width=\"807\" height=\"1024\" src=\"https:\/\/sv-koerne83.de\/wordpress\/wp-content\/uploads\/2020\/08\/img_4206-807x1024.jpg\" alt=\"\" class=\"wp-image-1681\" srcset=\"https:\/\/sv-koerne83.de\/wordpress\/wp-content\/uploads\/2020\/08\/img_4206-807x1024.jpg 807w, https:\/\/sv-koerne83.de\/wordpress\/wp-content\/uploads\/2020\/08\/img_4206-236x300.jpg 236w, https:\/\/sv-koerne83.de\/wordpress\/wp-content\/uploads\/2020\/08\/img_4206-768x975.jpg 768w, https:\/\/sv-koerne83.de\/wordpress\/wp-content\/uploads\/2020\/08\/img_4206-1210x1536.jpg 1210w, https:\/\/sv-koerne83.de\/wordpress\/wp-content\/uploads\/2020\/08\/img_4206-1613x2048.jpg 1613w, https:\/\/sv-koerne83.de\/wordpress\/wp-content\/uploads\/2020\/08\/img_4206-101x128.jpg 101w, https:\/\/sv-koerne83.de\/wordpress\/wp-content\/uploads\/2020\/08\/img_4206-25x32.jpg 25w, https:\/\/sv-koerne83.de\/wordpress\/wp-content\/uploads\/2020\/08\/img_4206-scaled.jpg 2017w\" sizes=\"auto, (max-width: 807px) 100vw, 807px\" \/><figcaption><em>Konnte 4 Tore zum 8:2 beisteuerten: Jaki<\/em>.<\/figcaption><\/figure>\n\n\n\n<p>Mit der \u00dcberlegenheit der Brackeler war es endg\u00fcltig vorbei, als K\u00f6rne nach dem Seitenwechsel weiter dr\u00e4ngte und durch den unerm\u00fcdlichen Alexander das 3:0 nachlegte. Jaki wurde klasse durch seine Mitspieler in Szene gesetzt, war auf der rechten Au\u00dfenbahn zeitweise \u00fcberhaupt nicht aufzuhalten. Mit seinem Hattrick innerhalb von f\u00fcnf Minuten (37., 38., 42.) war der Wiederstand gebrochen. Der SVK spielte wie im Rausch. Die umtriebige Berivan konnte nach feiner Einzelleistung auf 7:0 erh\u00f6hen (44.), Carl, zuvor ein paar Mal im Pech, setzte vor dem Brackeler Kasten entschieden nach und erh\u00f6hte sogar auf 8:0.<\/p>\n\n\n\n<figure class=\"wp-block-image size-large\"><img loading=\"lazy\" decoding=\"async\" width=\"683\" height=\"1024\" src=\"https:\/\/sv-koerne83.de\/wordpress\/wp-content\/uploads\/2020\/08\/img_4501-683x1024.jpg\" alt=\"\" class=\"wp-image-1683\" srcset=\"https:\/\/sv-koerne83.de\/wordpress\/wp-content\/uploads\/2020\/08\/img_4501-683x1024.jpg 683w, https:\/\/sv-koerne83.de\/wordpress\/wp-content\/uploads\/2020\/08\/img_4501-200x300.jpg 200w, https:\/\/sv-koerne83.de\/wordpress\/wp-content\/uploads\/2020\/08\/img_4501-768x1152.jpg 768w, https:\/\/sv-koerne83.de\/wordpress\/wp-content\/uploads\/2020\/08\/img_4501-1024x1536.jpg 1024w, https:\/\/sv-koerne83.de\/wordpress\/wp-content\/uploads\/2020\/08\/img_4501-1366x2048.jpg 1366w, https:\/\/sv-koerne83.de\/wordpress\/wp-content\/uploads\/2020\/08\/img_4501-85x128.jpg 85w, https:\/\/sv-koerne83.de\/wordpress\/wp-content\/uploads\/2020\/08\/img_4501-21x32.jpg 21w, https:\/\/sv-koerne83.de\/wordpress\/wp-content\/uploads\/2020\/08\/img_4501.jpg 1707w\" sizes=\"auto, (max-width: 683px) 100vw, 683px\" \/><figcaption><em>War \u00fcberall auf dem Feld unterwegs: Berivan.<\/em><\/figcaption><\/figure>\n\n\n\n<p>Als die Konzentration beim SVK etwas nachlie\u00df gelangen den L\u00f6wen aus Brackel in der Schlussphase noch zwei Treffer.<\/p>\n\n\n\n<p>Die Vorbereitung endet mit dem letzten Testspiel am Mittwoch (2.9.) beim ASC 09 III. Dann freuen sich alle die neue Saison, die am 5.9. mit einem Heimspiel gegen TuS Holzen-Sommerberg beginnt.<\/p>\n","protected":false},"excerpt":{"rendered":"<p>Infolge einer berauschenden zweite Halbzeit gelang der E2 des SV K\u00f6rne der vierte Sieg im vierten Vorbereitungsspiel. Am Anfang sah es jedoch \u00fcberhaupt nicht danach aus. Die technisch versierten Dortmunder [&hellip;]<\/p>\n","protected":false},"author":2,"featured_media":1681,"comment_status":"closed","ping_status":"open","sticky":false,"template":"","format":"standard","meta":{"_jetpack_memberships_contains_paid_content":false,"footnotes":""},"categories":[1,35],"tags":[],"class_list":["post-1680","post","type-post","status-publish","format-standard","has-post-thumbnail","hentry","category-allgemein","category-jugend"],"jetpack_sharing_enabled":true,"jetpack_featured_media_url":"https:\/\/sv-koerne83.de\/wordpress\/wp-content\/uploads\/2020\/08\/img_4206-scaled.jpg","_links":{"self":[{"href":"https:\/\/sv-koerne83.de\/wordpress\/wp-json\/wp\/v2\/posts\/1680","targetHints":{"allow":["GET"]}}],"collection":[{"href":"https:\/\/sv-koerne83.de\/wordpress\/wp-json\/wp\/v2\/posts"}],"about":[{"href":"https:\/\/sv-koerne83.de\/wordpress\/wp-json\/wp\/v2\/types\/post"}],"author":[{"embeddable":true,"href":"https:\/\/sv-koerne83.de\/wordpress\/wp-json\/wp\/v2\/users\/2"}],"replies":[{"embeddable":true,"href":"https:\/\/sv-koerne83.de\/wordpress\/wp-json\/wp\/v2\/comments?post=1680"}],"version-history":[{"count":1,"href":"https:\/\/sv-koerne83.de\/wordpress\/wp-json\/wp\/v2\/posts\/1680\/revisions"}],"predecessor-version":[{"id":1684,"href":"https:\/\/sv-koerne83.de\/wordpress\/wp-json\/wp\/v2\/posts\/1680\/revisions\/1684"}],"wp:featuredmedia":[{"embeddable":true,"href":"https:\/\/sv-koerne83.de\/wordpress\/wp-json\/wp\/v2\/media\/1681"}],"wp:attachment":[{"href":"https:\/\/sv-koerne83.de\/wordpress\/wp-json\/wp\/v2\/media?parent=1680"}],"wp:term":[{"taxonomy":"category","embeddable":true,"href":"https:\/\/sv-koerne83.de\/wordpress\/wp-json\/wp\/v2\/categories?post=1680"},{"taxonomy":"post_tag","embeddable":true,"href":"https:\/\/sv-koerne83.de\/wordpress\/wp-json\/wp\/v2\/tags?post=1680"}],"curies":[{"name":"wp","href":"https:\/\/api.w.org\/{rel}","templated":true}]}}