{"id":1687,"date":"2020-08-29T23:39:38","date_gmt":"2020-08-29T21:39:38","guid":{"rendered":"https:\/\/sv-koerne83.de\/wordpress\/?p=1687"},"modified":"2020-08-29T23:39:38","modified_gmt":"2020-08-29T21:39:38","slug":"b-jugend-mit-last-minute-sieg-gegen-luedenscheid","status":"publish","type":"post","link":"https:\/\/sv-koerne83.de\/wordpress\/2020\/08\/29\/b-jugend-mit-last-minute-sieg-gegen-luedenscheid\/","title":{"rendered":"B-Jugend mit Last Minute Sieg gegen L\u00fcdenscheid"},"content":{"rendered":"\n<p>Am heutigen Samstag Nachmittag ging es f\u00fcr unsere B-Jugend gegen den SSV L\u00fcdenscheid.<\/p>\n\n\n\n<p>Der Gegner reiste Ersatz geschw\u00e4cht nach Dortmund an. Mit viel Leidenschaft und Kampf machten sie es den K\u00f6rnern richtig schwer. Zu Beginn hatte unsere B-Jugend das Spiel total im Griff. Der Ball lief gut und die P\u00e4sse fanden immer wieder den Mitspieler. <\/p>\n\n\n\n<p>F\u00fcnfzehn Minuten waren gespielt und es gab nach einem harmlosen Zweikampf Freisto\u00df f\u00fcr den Gastgeber. Pl\u00f6tzlich zog der Schiedsrichter die Rote Karte. Niemand hatte genau mitbekommen, was passiert war. Zuerst vermuteten alle eine Schiedsrichterbeleidigung, allerdings gab es den Platzverweis f\u00fcr den Angriff auf den Unparteiischen. Niemand hatte aber einen t\u00e4tlichen Angriff oder \u00e4hnliches gesehen.<\/p>\n\n\n\n<p>Das Spiel verflachte immer mehr. K\u00f6rne konnte mit der nummerischen \u00dcberzahl nichts anfangen. Immer wieder wurden die B\u00e4lle verloren. Zudem wurde sehr umst\u00e4ndlich gespielt.<\/p>\n\n\n\n<p>Immerhin konnte Edgar sein Team kurz vor dem Seitenwechsel in F\u00fchrung bringen.<\/p>\n\n\n\n<p>Nach der Pause stand es sehr schnell 1:1, nachdem Tawid einen langen Ball total untersch\u00e4tzte und sein Gegenspieler mit etwas Gl\u00fcck Maurice \u00fcberwinden konnte. Der SVK verkrampfte immer mehr. Aynur brachte seine Farben mit einem sehenwerten Treffer abermals in F\u00fchrung. Im weiteren Verlauf wurden klarste Torchancen nicht genutzt. L\u00fcdenscheid war weiterhin flei\u00dfig unterwegs und verdiente sich kurz vor Schluss den Ausgleich. <\/p>\n\n\n\n<p>Als alle schon den Abpfiff herbei sahen, h\u00e4mmerte Micha die Kugel im Nachschuss doch noch zum Sieg in die Maschen des SSV.<\/p>\n\n\n\n<p>Mit 3:2 endete diese Partie. Der Spielverlauf wurde sicherlich mit der kuriosen Schiedsrichterentscheidung mit entschieden. Beide Trainerteams und Zuschauer sahen ein sehr faires Testspiel, dass durch Michas Lucky Punch am Ende f\u00fcr das Heimteam entschieden wurde.<\/p>\n\n\n\n<p>Am morgigen Sonntag geht es direkt weiter f\u00fcr unsere B-Jugend. Dann hei\u00dft der Gegner BV Rentfort aus dem Kreis Gelsenkirchen. Ansto\u00df ist um 10.00 Uhr in K\u00f6rne.<\/p>\n\n\n\n<p><strong>SV K\u00f6rne 83 &#8211; SSV L\u00fcdenscheid 3:2 (1:0)<\/strong><br>Aufstellung: 1 Einhaus, 2 Boye-Sekan, 3 Shamradi, 4 Al Ahmad (41. 18 Reidinger), 5 Khassyanov, 9 Zaydev (41. 17 Konrad), 10 Gettel, 12 Abdul Razag, 15 Arispe (c), 16 Scheja, 20 El Bakouri (41. 8 El Mohammed)<\/p>\n\n\n\n<p>Tore: <strong>1:0 Gettel (37.)<\/strong>, 1:1 (42.), <strong>2:1 Zaydev (57.)<\/strong>, 2:2 (75.), <strong>3:2 Khassyanov (80+2)<\/strong><br><br><strong>Besondere Vorkomnisse:<br><\/strong>Rote Karte f\u00fcr SSV L\u00fcdenscheid (15.)<\/p>\n\n\n\n<p><strong>N\u00e4chster Termin:<br>Sonntag 30.08.2020 10.00 Uhr<br>Testspiel:<br>SV K\u00f6rne 83 &#8211; BV Rentfort<\/strong><\/p>\n","protected":false},"excerpt":{"rendered":"<p>Am heutigen Samstag Nachmittag ging es f\u00fcr unsere B-Jugend gegen den SSV L\u00fcdenscheid. Der Gegner reiste Ersatz geschw\u00e4cht nach Dortmund an. Mit viel Leidenschaft und Kampf machten sie es den [&hellip;]<\/p>\n","protected":false},"author":3,"featured_media":1688,"comment_status":"closed","ping_status":"open","sticky":false,"template":"","format":"standard","meta":{"_jetpack_memberships_contains_paid_content":false,"footnotes":""},"categories":[1,35],"tags":[],"class_list":["post-1687","post","type-post","status-publish","format-standard","has-post-thumbnail","hentry","category-allgemein","category-jugend"],"jetpack_sharing_enabled":true,"jetpack_featured_media_url":"https:\/\/sv-koerne83.de\/wordpress\/wp-content\/uploads\/2020\/08\/IMG-20200829-WA0012.jpg","_links":{"self":[{"href":"https:\/\/sv-koerne83.de\/wordpress\/wp-json\/wp\/v2\/posts\/1687","targetHints":{"allow":["GET"]}}],"collection":[{"href":"https:\/\/sv-koerne83.de\/wordpress\/wp-json\/wp\/v2\/posts"}],"about":[{"href":"https:\/\/sv-koerne83.de\/wordpress\/wp-json\/wp\/v2\/types\/post"}],"author":[{"embeddable":true,"href":"https:\/\/sv-koerne83.de\/wordpress\/wp-json\/wp\/v2\/users\/3"}],"replies":[{"embeddable":true,"href":"https:\/\/sv-koerne83.de\/wordpress\/wp-json\/wp\/v2\/comments?post=1687"}],"version-history":[{"count":1,"href":"https:\/\/sv-koerne83.de\/wordpress\/wp-json\/wp\/v2\/posts\/1687\/revisions"}],"predecessor-version":[{"id":1689,"href":"https:\/\/sv-koerne83.de\/wordpress\/wp-json\/wp\/v2\/posts\/1687\/revisions\/1689"}],"wp:featuredmedia":[{"embeddable":true,"href":"https:\/\/sv-koerne83.de\/wordpress\/wp-json\/wp\/v2\/media\/1688"}],"wp:attachment":[{"href":"https:\/\/sv-koerne83.de\/wordpress\/wp-json\/wp\/v2\/media?parent=1687"}],"wp:term":[{"taxonomy":"category","embeddable":true,"href":"https:\/\/sv-koerne83.de\/wordpress\/wp-json\/wp\/v2\/categories?post=1687"},{"taxonomy":"post_tag","embeddable":true,"href":"https:\/\/sv-koerne83.de\/wordpress\/wp-json\/wp\/v2\/tags?post=1687"}],"curies":[{"name":"wp","href":"https:\/\/api.w.org\/{rel}","templated":true}]}}