{"id":1694,"date":"2020-09-03T09:02:18","date_gmt":"2020-09-03T07:02:18","guid":{"rendered":"https:\/\/sv-koerne83.de\/wordpress\/?p=1694"},"modified":"2020-09-03T09:02:18","modified_gmt":"2020-09-03T07:02:18","slug":"generalprobe-missglueckt","status":"publish","type":"post","link":"https:\/\/sv-koerne83.de\/wordpress\/2020\/09\/03\/generalprobe-missglueckt\/","title":{"rendered":"Generalprobe missgl\u00fcckt"},"content":{"rendered":"\n<p>Das letzte Testspiel vor dem Saisonstart ging mit 3:7 (0:5) ausw\u00e4rts gegen die E3 des ASC 09 &nbsp;verloren<\/p>\n\n\n\n<p>Die erfolgsverw\u00f6hnte E2 des SV K\u00f6rne musste an dem sonnigen Mittwochnachmittag in Aplerbeck eine schmerzhafte Niederlage einstecken.<\/p>\n\n\n\n<p>Mit der Empfehlung von vier Siegen in Folge fuhren die K\u00f6rner mit dem kompletten Kader, bis auf den kurzfristig erkrankten Julius, nach Aplerbeck. Doch dann das:<\/p>\n\n\n\n<p>Nichts ging in der Anfangsphase gegen robuste Hausherren. Fahrig und ohne Ordnung gingen viele Zweik\u00e4mpfe verloren, kaum ein Pass kam beim Mitspieler an.<\/p>\n\n\n\n<figure class=\"wp-block-image size-large\"><img loading=\"lazy\" decoding=\"async\" width=\"1024\" height=\"683\" src=\"https:\/\/sv-koerne83.de\/wordpress\/wp-content\/uploads\/2020\/09\/img_4480-1024x683.jpg\" alt=\"\" class=\"wp-image-1695\" srcset=\"https:\/\/sv-koerne83.de\/wordpress\/wp-content\/uploads\/2020\/09\/img_4480-1024x683.jpg 1024w, https:\/\/sv-koerne83.de\/wordpress\/wp-content\/uploads\/2020\/09\/img_4480-300x200.jpg 300w, https:\/\/sv-koerne83.de\/wordpress\/wp-content\/uploads\/2020\/09\/img_4480-768x512.jpg 768w, https:\/\/sv-koerne83.de\/wordpress\/wp-content\/uploads\/2020\/09\/img_4480-1536x1024.jpg 1536w, https:\/\/sv-koerne83.de\/wordpress\/wp-content\/uploads\/2020\/09\/img_4480-2048x1365.jpg 2048w, https:\/\/sv-koerne83.de\/wordpress\/wp-content\/uploads\/2020\/09\/img_4480-128x85.jpg 128w, https:\/\/sv-koerne83.de\/wordpress\/wp-content\/uploads\/2020\/09\/img_4480-32x21.jpg 32w\" sizes=\"auto, (max-width: 1024px) 100vw, 1024px\" \/><figcaption><em>Wurde schmerzlich vermisst: Abr\u00e4umer Julius.<\/em><\/figcaption><\/figure>\n\n\n\n<p>Die harte Gangart der Heimelf verunsicherte die K\u00f6rner zus\u00e4tzlich. Es r\u00e4chte sich, dass ohne Spielleiter im Fair-Play-Modus gespielt wurde. So blieben zahlreiche Vergehen zum Leidwesen der tapferen G\u00e4ste ungeahndet. Einem Freundschaftsspiel teilweise unangemessen.<\/p>\n\n\n\n<p>Das darf aber trotzdem keine Ausrede sein. Es fehlte schlicht an allem, was das Spiel der E2 in den letzten Wochen auszeichnete.<\/p>\n\n\n\n<p>So schlug der Ball bis zur Pause f\u00fcnfmal im K\u00f6rner Kasten ein. Eine Halbzeit zum Abhaken.<\/p>\n\n\n\n<p>Trainer und Mannschaft blieben aber besonnen und konzentrierten sich auf den zweiten Durchgang, der dann deutlich besser anzusehen war. Zwar fiel zun\u00e4chst noch das 6:0, dann aber bekam der SV K\u00f6rne das Spiel zusehends in den Griff. Leidenschaftlich wurde um jeden Ball gek\u00e4mpft und es fielen drei Tore in Folge. Jaki (36., 39.) und Levi (42.) sorgten f\u00fcr das zwischenzeitliche 3:6. Als der SVK dann alles nach vorne warf gelang dem ASC kurz vor Schluss noch ein weiterer Treffer.<\/p>\n\n\n\n<p>Nach den Erfolgen der letzten Wochen war dies vielleicht ein D\u00e4mpfer zum rechten Zeitpunkt. Die Mannschaft merkte, dass sich der Erfolg nur mit voller Konzentration, Disziplin und Leidenschaft einstellt. Die Leistungssteigerung in der zweiten Halbzeit macht aber Hoffnung. &nbsp;&nbsp;<\/p>\n","protected":false},"excerpt":{"rendered":"<p>Das letzte Testspiel vor dem Saisonstart ging mit 3:7 (0:5) ausw\u00e4rts gegen die E3 des ASC 09 &nbsp;verloren Die erfolgsverw\u00f6hnte E2 des SV K\u00f6rne musste an dem sonnigen Mittwochnachmittag in [&hellip;]<\/p>\n","protected":false},"author":2,"featured_media":1696,"comment_status":"closed","ping_status":"open","sticky":false,"template":"","format":"standard","meta":{"_jetpack_memberships_contains_paid_content":false,"footnotes":""},"categories":[1,35],"tags":[],"class_list":["post-1694","post","type-post","status-publish","format-standard","has-post-thumbnail","hentry","category-allgemein","category-jugend"],"jetpack_sharing_enabled":true,"jetpack_featured_media_url":"https:\/\/sv-koerne83.de\/wordpress\/wp-content\/uploads\/2020\/09\/img_4542-scaled.jpg","_links":{"self":[{"href":"https:\/\/sv-koerne83.de\/wordpress\/wp-json\/wp\/v2\/posts\/1694","targetHints":{"allow":["GET"]}}],"collection":[{"href":"https:\/\/sv-koerne83.de\/wordpress\/wp-json\/wp\/v2\/posts"}],"about":[{"href":"https:\/\/sv-koerne83.de\/wordpress\/wp-json\/wp\/v2\/types\/post"}],"author":[{"embeddable":true,"href":"https:\/\/sv-koerne83.de\/wordpress\/wp-json\/wp\/v2\/users\/2"}],"replies":[{"embeddable":true,"href":"https:\/\/sv-koerne83.de\/wordpress\/wp-json\/wp\/v2\/comments?post=1694"}],"version-history":[{"count":1,"href":"https:\/\/sv-koerne83.de\/wordpress\/wp-json\/wp\/v2\/posts\/1694\/revisions"}],"predecessor-version":[{"id":1697,"href":"https:\/\/sv-koerne83.de\/wordpress\/wp-json\/wp\/v2\/posts\/1694\/revisions\/1697"}],"wp:featuredmedia":[{"embeddable":true,"href":"https:\/\/sv-koerne83.de\/wordpress\/wp-json\/wp\/v2\/media\/1696"}],"wp:attachment":[{"href":"https:\/\/sv-koerne83.de\/wordpress\/wp-json\/wp\/v2\/media?parent=1694"}],"wp:term":[{"taxonomy":"category","embeddable":true,"href":"https:\/\/sv-koerne83.de\/wordpress\/wp-json\/wp\/v2\/categories?post=1694"},{"taxonomy":"post_tag","embeddable":true,"href":"https:\/\/sv-koerne83.de\/wordpress\/wp-json\/wp\/v2\/tags?post=1694"}],"curies":[{"name":"wp","href":"https:\/\/api.w.org\/{rel}","templated":true}]}}