{"id":1711,"date":"2020-09-04T09:58:37","date_gmt":"2020-09-04T07:58:37","guid":{"rendered":"https:\/\/sv-koerne83.de\/wordpress\/?p=1711"},"modified":"2020-09-04T09:58:37","modified_gmt":"2020-09-04T07:58:37","slug":"saisonstart","status":"publish","type":"post","link":"https:\/\/sv-koerne83.de\/wordpress\/2020\/09\/04\/saisonstart\/","title":{"rendered":"Saisonstart"},"content":{"rendered":"\n<p>Endlich geht es wieder los. Die Meisterschaft startet. Nach dem Abbruch der Saison 2019\/2020 gehen die Dortmunder Amateurkicker endlich wieder auf Punktejagd. Alles spielt sich nat\u00fcrlich unter Einhaltung der Hygienekonzepte ab. Hier nochmal der Appell an alle, sich an diese Konzepte zu halten und die Kontaktdaten vollst\u00e4ndig und wahrheitsgem\u00e4\u00df an den Sportanlagen zu hinterlassen. Hier geht es nicht darum, eventuell einen Spieler abzuwerben, sondern im Rahmen der Kontaktr\u00fcckverfolgung schnell handeln zu k\u00f6nnen und die Meisterschaftsrunde unter diesen besonderen Gegebenheiten durchf\u00fchren zu k\u00f6nnen.<\/p>\n\n\n\n<h3 class=\"wp-block-heading\">Nun aber zum Fu\u00dfball.<\/h3>\n\n\n\n<p>Am Samstag bestreiten unsere Jugendmannschaften Spiele sowohl auf dem heimischen Platz wie auch auf anderen Sportpl\u00e4tzen im Stadtgebiet.<br>Den Kick-Off zur Saison 2020\/2021 d\u00fcrfen die F1-Jugend und die F2-Jugend durchf\u00fchren. Die beiden Mannschaften er\u00f6ffnen um 10.00 Uhr die Saison.<\/p>\n\n\n\n<p>Die F1-Jugend ist zu Gast in Mengede und die F2-Jugend empf\u00e4ngt am Winkelriedweg den TuS Kruckel.<\/p>\n\n\n\n<p>Um 12.00 Uhr empf\u00e4ngt die E2-Jugend den TuS Holzen-Sommerberg. Die E1-Jugend reist zu Eving Selimiye Spor. Ansto\u00df an der Gr\u00e4vingholzstra\u00dfe ist um 13.00 Uhr. Die C-Jugend spielt gegen DJK SF Nette II. Ansto\u00df am Hallenbad in Nette ist um 14.00 Uhr.<\/p>\n\n\n\n<p>Die B-Jugend bestreitet am Samstag ein Freundschaftsspiel gegen SW R\u00f6llinghausen. Ansto\u00df an der Klarstra\u00dfe in Recklinghausen ist um 16.30 Uhr.<\/p>\n","protected":false},"excerpt":{"rendered":"<p>Endlich geht es wieder los. Die Meisterschaft startet. Nach dem Abbruch der Saison 2019\/2020 gehen die Dortmunder Amateurkicker endlich wieder auf Punktejagd. Alles spielt sich nat\u00fcrlich unter Einhaltung der Hygienekonzepte [&hellip;]<\/p>\n","protected":false},"author":2,"featured_media":880,"comment_status":"closed","ping_status":"open","sticky":false,"template":"","format":"standard","meta":{"_jetpack_memberships_contains_paid_content":false,"footnotes":""},"categories":[1,35],"tags":[],"class_list":["post-1711","post","type-post","status-publish","format-standard","has-post-thumbnail","hentry","category-allgemein","category-jugend"],"jetpack_sharing_enabled":true,"jetpack_featured_media_url":"https:\/\/sv-koerne83.de\/wordpress\/wp-content\/uploads\/2019\/10\/jugendspieltag.jpg","_links":{"self":[{"href":"https:\/\/sv-koerne83.de\/wordpress\/wp-json\/wp\/v2\/posts\/1711","targetHints":{"allow":["GET"]}}],"collection":[{"href":"https:\/\/sv-koerne83.de\/wordpress\/wp-json\/wp\/v2\/posts"}],"about":[{"href":"https:\/\/sv-koerne83.de\/wordpress\/wp-json\/wp\/v2\/types\/post"}],"author":[{"embeddable":true,"href":"https:\/\/sv-koerne83.de\/wordpress\/wp-json\/wp\/v2\/users\/2"}],"replies":[{"embeddable":true,"href":"https:\/\/sv-koerne83.de\/wordpress\/wp-json\/wp\/v2\/comments?post=1711"}],"version-history":[{"count":1,"href":"https:\/\/sv-koerne83.de\/wordpress\/wp-json\/wp\/v2\/posts\/1711\/revisions"}],"predecessor-version":[{"id":1712,"href":"https:\/\/sv-koerne83.de\/wordpress\/wp-json\/wp\/v2\/posts\/1711\/revisions\/1712"}],"wp:featuredmedia":[{"embeddable":true,"href":"https:\/\/sv-koerne83.de\/wordpress\/wp-json\/wp\/v2\/media\/880"}],"wp:attachment":[{"href":"https:\/\/sv-koerne83.de\/wordpress\/wp-json\/wp\/v2\/media?parent=1711"}],"wp:term":[{"taxonomy":"category","embeddable":true,"href":"https:\/\/sv-koerne83.de\/wordpress\/wp-json\/wp\/v2\/categories?post=1711"},{"taxonomy":"post_tag","embeddable":true,"href":"https:\/\/sv-koerne83.de\/wordpress\/wp-json\/wp\/v2\/tags?post=1711"}],"curies":[{"name":"wp","href":"https:\/\/api.w.org\/{rel}","templated":true}]}}