{"id":1714,"date":"2020-09-05T20:49:24","date_gmt":"2020-09-05T18:49:24","guid":{"rendered":"https:\/\/sv-koerne83.de\/wordpress\/?p=1714"},"modified":"2020-09-05T21:26:54","modified_gmt":"2020-09-05T19:26:54","slug":"saisonstart-bei-den-senioren","status":"publish","type":"post","link":"https:\/\/sv-koerne83.de\/wordpress\/2020\/09\/05\/saisonstart-bei-den-senioren\/","title":{"rendered":"Saisonstart bei den Senioren"},"content":{"rendered":"\n<p>Am morgigen Sonntag startet bei den Senioren die Saison. Die 1. Mannschaft reist zu Eving Selimiye Spor und bestreitet um 16.00 Uhr ihr erstes A-Liga Spiel.&nbsp;<\/p>\n\n\n\n<p>Die 2. Mannschaft spielt in der Kreisliga B gegen FV Scharnhorst. Ansto\u00df am Buschei ist um 15.00 Uhr. Die Frauen fahren zum Testspiel nach Erwitte. Um 15.00 Uhr treffen sie dort auf den SV Schmerlecke.\u00a0Die A-Jugend spielt gegen den Kirchh\u00f6rder SC II. Ansto\u00df an der Kobbendelle ist um 10.00 Uhr.<\/p>\n\n\n\n<p>Am Winkelriedweg finden morgen 3 Spiele statt. Die B-Jugend bestreitet um 10.00 Uhr ein Testspiel gegen Teutonia SuS Waltrop. Um 13.00 Uhr spielt die 4. Mannschaft gegen Genclerbirligi H\u00f6rde II. Um 16.00 Uhr empf\u00e4ngt die 3. Mannschaft die Dortmunder L\u00f6wen III.<\/p>\n","protected":false},"excerpt":{"rendered":"<p>Am morgigen Sonntag startet bei den Senioren die Saison. Die 1. Mannschaft reist zu Eving Selimiye Spor und bestreitet um 16.00 Uhr ihr erstes A-Liga Spiel.&nbsp; Die 2. Mannschaft spielt [&hellip;]<\/p>\n","protected":false},"author":2,"featured_media":606,"comment_status":"closed","ping_status":"open","sticky":false,"template":"","format":"standard","meta":{"_jetpack_memberships_contains_paid_content":false,"footnotes":""},"categories":[30,31,32,33,1,45,35],"tags":[],"class_list":["post-1714","post","type-post","status-publish","format-standard","has-post-thumbnail","hentry","category-1-mannschaft","category-2-mannschaft","category-3-mannschaft","category-4-mannschaft","category-allgemein","category-frauen","category-jugend"],"jetpack_sharing_enabled":true,"jetpack_featured_media_url":"https:\/\/sv-koerne83.de\/wordpress\/wp-content\/uploads\/2019\/08\/F6545CB4-8A6F-4C40-9239-70D1A9E5519C.jpeg","_links":{"self":[{"href":"https:\/\/sv-koerne83.de\/wordpress\/wp-json\/wp\/v2\/posts\/1714","targetHints":{"allow":["GET"]}}],"collection":[{"href":"https:\/\/sv-koerne83.de\/wordpress\/wp-json\/wp\/v2\/posts"}],"about":[{"href":"https:\/\/sv-koerne83.de\/wordpress\/wp-json\/wp\/v2\/types\/post"}],"author":[{"embeddable":true,"href":"https:\/\/sv-koerne83.de\/wordpress\/wp-json\/wp\/v2\/users\/2"}],"replies":[{"embeddable":true,"href":"https:\/\/sv-koerne83.de\/wordpress\/wp-json\/wp\/v2\/comments?post=1714"}],"version-history":[{"count":2,"href":"https:\/\/sv-koerne83.de\/wordpress\/wp-json\/wp\/v2\/posts\/1714\/revisions"}],"predecessor-version":[{"id":1716,"href":"https:\/\/sv-koerne83.de\/wordpress\/wp-json\/wp\/v2\/posts\/1714\/revisions\/1716"}],"wp:featuredmedia":[{"embeddable":true,"href":"https:\/\/sv-koerne83.de\/wordpress\/wp-json\/wp\/v2\/media\/606"}],"wp:attachment":[{"href":"https:\/\/sv-koerne83.de\/wordpress\/wp-json\/wp\/v2\/media?parent=1714"}],"wp:term":[{"taxonomy":"category","embeddable":true,"href":"https:\/\/sv-koerne83.de\/wordpress\/wp-json\/wp\/v2\/categories?post=1714"},{"taxonomy":"post_tag","embeddable":true,"href":"https:\/\/sv-koerne83.de\/wordpress\/wp-json\/wp\/v2\/tags?post=1714"}],"curies":[{"name":"wp","href":"https:\/\/api.w.org\/{rel}","templated":true}]}}