{"id":1717,"date":"2020-09-05T23:13:08","date_gmt":"2020-09-05T21:13:08","guid":{"rendered":"https:\/\/sv-koerne83.de\/wordpress\/?p=1717"},"modified":"2020-09-05T23:13:08","modified_gmt":"2020-09-05T21:13:08","slug":"vorbericht-b-jugend-teutonia-sus-waltrop","status":"publish","type":"post","link":"https:\/\/sv-koerne83.de\/wordpress\/2020\/09\/05\/vorbericht-b-jugend-teutonia-sus-waltrop\/","title":{"rendered":"Vorbericht: B-Jugend &#8211; Teutonia\/SuS Waltrop"},"content":{"rendered":"\n<p>Unsere B-Jugend muss leider eine Woche l\u00e4nger warten um endlich wieder um Meisterschaftspunkte zu spielen.<\/p>\n\n\n\n<p>Das f\u00fcr morgen angesetzte Spiel gegen DJK SF Nette II wurde abgesagt, da Nette die gesamte Mannschaft aus dem Spielbetrieb zur\u00fcckgezogen hat. So bleiben nur noch 6 Teams \u00fcbrig.<\/p>\n\n\n\n<p>Das eigentlich f\u00fcr heute angesetzte Testspiel bei SW R\u00f6llinghausen fiel ebenfalls aus, da der Rasenplatz nicht bespielbar war.<\/p>\n\n\n\n<p>Am morgigen Sonntag testet das Team von Mario Sopar und Tobias Schigowski nun gegen Teutonia\/SuS Waltrop. Unsere G\u00e4ste treten ebenfalls in der Kreisliga B an und werden sicherlich ein guter Test f\u00fcr die Jungs aus dem Affenk\u00e4fig sein.<\/p>\n\n\n\n<p>Ansto\u00df ist um 10.00 Uhr auf dem Sportplatz Am Winkelriedweg. Geleitet wird die Partie von Schiedsrichter Hussein Bakri.<\/p>\n","protected":false},"excerpt":{"rendered":"<p>Unsere B-Jugend muss leider eine Woche l\u00e4nger warten um endlich wieder um Meisterschaftspunkte zu spielen. Das f\u00fcr morgen angesetzte Spiel gegen DJK SF Nette II wurde abgesagt, da Nette die [&hellip;]<\/p>\n","protected":false},"author":3,"featured_media":1718,"comment_status":"closed","ping_status":"open","sticky":false,"template":"","format":"standard","meta":{"_jetpack_memberships_contains_paid_content":false,"footnotes":""},"categories":[1,35],"tags":[],"class_list":["post-1717","post","type-post","status-publish","format-standard","has-post-thumbnail","hentry","category-allgemein","category-jugend"],"jetpack_sharing_enabled":true,"jetpack_featured_media_url":"https:\/\/sv-koerne83.de\/wordpress\/wp-content\/uploads\/2020\/09\/IMG-20200830-WA0013.jpg","_links":{"self":[{"href":"https:\/\/sv-koerne83.de\/wordpress\/wp-json\/wp\/v2\/posts\/1717","targetHints":{"allow":["GET"]}}],"collection":[{"href":"https:\/\/sv-koerne83.de\/wordpress\/wp-json\/wp\/v2\/posts"}],"about":[{"href":"https:\/\/sv-koerne83.de\/wordpress\/wp-json\/wp\/v2\/types\/post"}],"author":[{"embeddable":true,"href":"https:\/\/sv-koerne83.de\/wordpress\/wp-json\/wp\/v2\/users\/3"}],"replies":[{"embeddable":true,"href":"https:\/\/sv-koerne83.de\/wordpress\/wp-json\/wp\/v2\/comments?post=1717"}],"version-history":[{"count":1,"href":"https:\/\/sv-koerne83.de\/wordpress\/wp-json\/wp\/v2\/posts\/1717\/revisions"}],"predecessor-version":[{"id":1719,"href":"https:\/\/sv-koerne83.de\/wordpress\/wp-json\/wp\/v2\/posts\/1717\/revisions\/1719"}],"wp:featuredmedia":[{"embeddable":true,"href":"https:\/\/sv-koerne83.de\/wordpress\/wp-json\/wp\/v2\/media\/1718"}],"wp:attachment":[{"href":"https:\/\/sv-koerne83.de\/wordpress\/wp-json\/wp\/v2\/media?parent=1717"}],"wp:term":[{"taxonomy":"category","embeddable":true,"href":"https:\/\/sv-koerne83.de\/wordpress\/wp-json\/wp\/v2\/categories?post=1717"},{"taxonomy":"post_tag","embeddable":true,"href":"https:\/\/sv-koerne83.de\/wordpress\/wp-json\/wp\/v2\/tags?post=1717"}],"curies":[{"name":"wp","href":"https:\/\/api.w.org\/{rel}","templated":true}]}}