{"id":1722,"date":"2020-09-07T08:42:23","date_gmt":"2020-09-07T06:42:23","guid":{"rendered":"https:\/\/sv-koerne83.de\/wordpress\/?p=1722"},"modified":"2020-09-07T08:42:23","modified_gmt":"2020-09-07T06:42:23","slug":"missglueckter-saisonstart","status":"publish","type":"post","link":"https:\/\/sv-koerne83.de\/wordpress\/2020\/09\/07\/missglueckter-saisonstart\/","title":{"rendered":"Missgl\u00fcckter Saisonstart"},"content":{"rendered":"\n<p>Die 1. Mannschaft musste beim gestrigen Saisonstart eine 4:1 Ausw\u00e4rtsniederlage bei Eving Selimiye Spor einstecken. Nachdem die Anfangsphase verschlafen wurde, rannte das Team nach 18 Minuten einem 3:0 R\u00fcckstand hinterher. Tomas Rucinskas verk\u00fcrzte zum zwischenzeitlichen 3:1. Die Gastgeber aus Eving konnten jedoch mit einem Konter den 4:1 Endstand erzielen.<\/p>\n\n\n\n<p>Die 2. Mannschaft verlor ihr Auftaktspiel beim FV Scharnhorst mit 3:0. Mit einem 2:0 R\u00fcckstand ging die Mannschaft von Trainer Andree Schmitz in die Halbzeitpause. In der zweiten H\u00e4lfte erzielten die Scharnhorster das 3:0.<\/p>\n\n\n\n<p>Die 3. Mannschaft verlor ihr Heimspiel gegen die Dortmunder L\u00f6wen III mit 6:1. Die Mannschaft vom Trainerduo Koebel\/Serdar ging zwar durch ein Eigentor mit 1:0 in F\u00fchrung, danach \u00fcbernahmen allerdings die Dortmunder L\u00f6wen das Kommando.<\/p>\n\n\n\n<p>Die 4. Mannschaft konnten ihr erstes Saisonspiel eindrucksvoll mit 14:1 gegen Genclerbirligi H\u00f6rde II gewinnen. Simon Br\u00fcckner traf drei mal. Dennis Kaul und Gerrit Weber konnten sich jeweils zweimal in die Torsch\u00fctzenliste eintragen. Jeweils ein Tor erzielten Rene Bock, Jan Philipp Tillenburg, Domenik Brysch, Sebastian Arnold, Luis Freyhoff, Felix Bedarf und Jonathan Kneib.<\/p>\n\n\n\n<p>Die Frauen verloren ihr Testspiel beim SV Schmerlecke mit 3:1. Angela Taubenheim konnte in der 80. Minute den Treffer zum 3:1 Endstand erzielen.<\/p>\n\n\n\n<p>Die A-Jugend verlor ihr Meisterschaftsspiel beim Kirchh\u00f6rder SC II mit 6:0 und die B-Jugend verlor ihr Testspiel gegen Teutonia SuS Waltrop mit 7:2.<\/p>\n","protected":false},"excerpt":{"rendered":"<p>Die 1. Mannschaft musste beim gestrigen Saisonstart eine 4:1 Ausw\u00e4rtsniederlage bei Eving Selimiye Spor einstecken. Nachdem die Anfangsphase verschlafen wurde, rannte das Team nach 18 Minuten einem 3:0 R\u00fcckstand hinterher. [&hellip;]<\/p>\n","protected":false},"author":2,"featured_media":1720,"comment_status":"closed","ping_status":"open","sticky":false,"template":"","format":"standard","meta":{"_jetpack_memberships_contains_paid_content":false,"footnotes":""},"categories":[30,31,32,33,1,45,35],"tags":[],"class_list":["post-1722","post","type-post","status-publish","format-standard","has-post-thumbnail","hentry","category-1-mannschaft","category-2-mannschaft","category-3-mannschaft","category-4-mannschaft","category-allgemein","category-frauen","category-jugend"],"jetpack_sharing_enabled":true,"jetpack_featured_media_url":"https:\/\/sv-koerne83.de\/wordpress\/wp-content\/uploads\/2020\/09\/img_3512.jpg","_links":{"self":[{"href":"https:\/\/sv-koerne83.de\/wordpress\/wp-json\/wp\/v2\/posts\/1722","targetHints":{"allow":["GET"]}}],"collection":[{"href":"https:\/\/sv-koerne83.de\/wordpress\/wp-json\/wp\/v2\/posts"}],"about":[{"href":"https:\/\/sv-koerne83.de\/wordpress\/wp-json\/wp\/v2\/types\/post"}],"author":[{"embeddable":true,"href":"https:\/\/sv-koerne83.de\/wordpress\/wp-json\/wp\/v2\/users\/2"}],"replies":[{"embeddable":true,"href":"https:\/\/sv-koerne83.de\/wordpress\/wp-json\/wp\/v2\/comments?post=1722"}],"version-history":[{"count":1,"href":"https:\/\/sv-koerne83.de\/wordpress\/wp-json\/wp\/v2\/posts\/1722\/revisions"}],"predecessor-version":[{"id":1723,"href":"https:\/\/sv-koerne83.de\/wordpress\/wp-json\/wp\/v2\/posts\/1722\/revisions\/1723"}],"wp:featuredmedia":[{"embeddable":true,"href":"https:\/\/sv-koerne83.de\/wordpress\/wp-json\/wp\/v2\/media\/1720"}],"wp:attachment":[{"href":"https:\/\/sv-koerne83.de\/wordpress\/wp-json\/wp\/v2\/media?parent=1722"}],"wp:term":[{"taxonomy":"category","embeddable":true,"href":"https:\/\/sv-koerne83.de\/wordpress\/wp-json\/wp\/v2\/categories?post=1722"},{"taxonomy":"post_tag","embeddable":true,"href":"https:\/\/sv-koerne83.de\/wordpress\/wp-json\/wp\/v2\/tags?post=1722"}],"curies":[{"name":"wp","href":"https:\/\/api.w.org\/{rel}","templated":true}]}}