{"id":1731,"date":"2020-09-11T12:15:37","date_gmt":"2020-09-11T10:15:37","guid":{"rendered":"https:\/\/sv-koerne83.de\/wordpress\/?p=1731"},"modified":"2020-09-11T12:15:38","modified_gmt":"2020-09-11T10:15:38","slug":"jugendspieltag-am-samstag","status":"publish","type":"post","link":"https:\/\/sv-koerne83.de\/wordpress\/2020\/09\/11\/jugendspieltag-am-samstag\/","title":{"rendered":"Jugendspieltag am Samstag"},"content":{"rendered":"\n<p>Morgen sind unsere Jugendmannschaften wieder auf den Dortmunder Sportpl\u00e4tzen unterwegs, um sich mit ihren Gegnern zu duellieren.<\/p>\n\n\n\n<p>Um 10.00 Uhr spielt die F2-Jugend gegen TV Brechten II. Gespielt wird auf dem Sportplatz am Schiffhorst. Die F1-Jugend bestreitet ein Heimspiel gegen DJK SF Nette. Ansto\u00df am Winkelriedweg ist ebenfalls um 10.00 Uhr.<\/p>\n\n\n\n<p>Die E2-Jugend reist zum TuS Kruckel II. Die Partie wird um 10.30 Uhr an der R\u00fcdinghauser Stra\u00dfe angepfiffen. F\u00fcr die D2-Jugend beginnt nun auch die Meisterschaft. Die Mannschaft trifft im Heimspiel um 11.45 Uhr auf den VfB Westhofen. Um 14.00 Uhr spielt die D1-Jugend ebenfalls zu Hause gegen den SC Husen-Kurl II.<\/p>\n\n\n\n<p>Die C-Jugend beendet den Spieltag am Samstag mit ihrer Partie gegen TV Brechten II. Die Partie findet um 16.00 Uhr am Winkelriedweg statt.<\/p>\n","protected":false},"excerpt":{"rendered":"<p>Morgen sind unsere Jugendmannschaften wieder auf den Dortmunder Sportpl\u00e4tzen unterwegs, um sich mit ihren Gegnern zu duellieren. Um 10.00 Uhr spielt die F2-Jugend gegen TV Brechten II. Gespielt wird auf [&hellip;]<\/p>\n","protected":false},"author":2,"featured_media":1730,"comment_status":"closed","ping_status":"open","sticky":false,"template":"","format":"standard","meta":{"_jetpack_memberships_contains_paid_content":false,"footnotes":""},"categories":[1,35],"tags":[],"class_list":["post-1731","post","type-post","status-publish","format-standard","has-post-thumbnail","hentry","category-allgemein","category-jugend"],"jetpack_sharing_enabled":true,"jetpack_featured_media_url":"https:\/\/sv-koerne83.de\/wordpress\/wp-content\/uploads\/2020\/09\/f1f1bfac-cc36-4d7d-9eca-22bb79f768f8.jpg","_links":{"self":[{"href":"https:\/\/sv-koerne83.de\/wordpress\/wp-json\/wp\/v2\/posts\/1731","targetHints":{"allow":["GET"]}}],"collection":[{"href":"https:\/\/sv-koerne83.de\/wordpress\/wp-json\/wp\/v2\/posts"}],"about":[{"href":"https:\/\/sv-koerne83.de\/wordpress\/wp-json\/wp\/v2\/types\/post"}],"author":[{"embeddable":true,"href":"https:\/\/sv-koerne83.de\/wordpress\/wp-json\/wp\/v2\/users\/2"}],"replies":[{"embeddable":true,"href":"https:\/\/sv-koerne83.de\/wordpress\/wp-json\/wp\/v2\/comments?post=1731"}],"version-history":[{"count":1,"href":"https:\/\/sv-koerne83.de\/wordpress\/wp-json\/wp\/v2\/posts\/1731\/revisions"}],"predecessor-version":[{"id":1732,"href":"https:\/\/sv-koerne83.de\/wordpress\/wp-json\/wp\/v2\/posts\/1731\/revisions\/1732"}],"wp:featuredmedia":[{"embeddable":true,"href":"https:\/\/sv-koerne83.de\/wordpress\/wp-json\/wp\/v2\/media\/1730"}],"wp:attachment":[{"href":"https:\/\/sv-koerne83.de\/wordpress\/wp-json\/wp\/v2\/media?parent=1731"}],"wp:term":[{"taxonomy":"category","embeddable":true,"href":"https:\/\/sv-koerne83.de\/wordpress\/wp-json\/wp\/v2\/categories?post=1731"},{"taxonomy":"post_tag","embeddable":true,"href":"https:\/\/sv-koerne83.de\/wordpress\/wp-json\/wp\/v2\/tags?post=1731"}],"curies":[{"name":"wp","href":"https:\/\/api.w.org\/{rel}","templated":true}]}}