{"id":1736,"date":"2020-09-12T15:40:38","date_gmt":"2020-09-12T13:40:38","guid":{"rendered":"https:\/\/sv-koerne83.de\/wordpress\/?p=1736"},"modified":"2020-09-12T15:40:38","modified_gmt":"2020-09-12T13:40:38","slug":"e2-siegt-deutlich-beim-tus-kruckel","status":"publish","type":"post","link":"https:\/\/sv-koerne83.de\/wordpress\/2020\/09\/12\/e2-siegt-deutlich-beim-tus-kruckel\/","title":{"rendered":"E2 siegt deutlich beim TuS Kruckel"},"content":{"rendered":"\n<p>Nach dem ern\u00fcchternden Saisonauftakt letzte Woche, einer 1:6 Niederlage im Heimspiel gegen Holzen-Sommerberg, gelang der E2 heute ein \u00fcberzeugender 13:2 (6:0) Ausw\u00e4rtssieg.<\/p>\n\n\n\n<p>Von Beginn an dr\u00e4ngte der SVK die Gastgeber in die eigene H\u00e4lfte. Diszipliniert und druckvoll trug die heute von Heiko Sasse betreute Mannschaft ihre Angriffe vor. Es fielen dann auch schnell die ersten Tore f\u00fcr die G\u00e4ste, die den verdienten Sieg einleiteten. In der einseitigen Partie stand es bereits 6:0 zur Halbzeit. In die Torsch\u00fctzenliste konnten sich am Ende der wiedererstarkte Carl (5), Jaki (5), Alexander, Franz und Til eintragen. Aus der tollen, geschlossenen Mannschaftsleistung ragten Til und Jakob noch etwas heraus, die hinten nichts anbrennen lie\u00dfen und stark das Spiel nach vorne trieben.<\/p>\n\n\n\n<p>N\u00e4chsten Samstag erwartet die E2 den VfR S\u00f6lde am Winkelriedweg (12:45 Uhr).<\/p>\n","protected":false},"excerpt":{"rendered":"<p>Nach dem ern\u00fcchternden Saisonauftakt letzte Woche, einer 1:6 Niederlage im Heimspiel gegen Holzen-Sommerberg, gelang der E2 heute ein \u00fcberzeugender 13:2 (6:0) Ausw\u00e4rtssieg. Von Beginn an dr\u00e4ngte der SVK die Gastgeber [&hellip;]<\/p>\n","protected":false},"author":2,"featured_media":1735,"comment_status":"closed","ping_status":"open","sticky":false,"template":"","format":"standard","meta":{"_jetpack_memberships_contains_paid_content":false,"footnotes":""},"categories":[1,35],"tags":[],"class_list":["post-1736","post","type-post","status-publish","format-standard","has-post-thumbnail","hentry","category-allgemein","category-jugend"],"jetpack_sharing_enabled":true,"jetpack_featured_media_url":"https:\/\/sv-koerne83.de\/wordpress\/wp-content\/uploads\/2020\/09\/img_3545.jpg","_links":{"self":[{"href":"https:\/\/sv-koerne83.de\/wordpress\/wp-json\/wp\/v2\/posts\/1736","targetHints":{"allow":["GET"]}}],"collection":[{"href":"https:\/\/sv-koerne83.de\/wordpress\/wp-json\/wp\/v2\/posts"}],"about":[{"href":"https:\/\/sv-koerne83.de\/wordpress\/wp-json\/wp\/v2\/types\/post"}],"author":[{"embeddable":true,"href":"https:\/\/sv-koerne83.de\/wordpress\/wp-json\/wp\/v2\/users\/2"}],"replies":[{"embeddable":true,"href":"https:\/\/sv-koerne83.de\/wordpress\/wp-json\/wp\/v2\/comments?post=1736"}],"version-history":[{"count":1,"href":"https:\/\/sv-koerne83.de\/wordpress\/wp-json\/wp\/v2\/posts\/1736\/revisions"}],"predecessor-version":[{"id":1737,"href":"https:\/\/sv-koerne83.de\/wordpress\/wp-json\/wp\/v2\/posts\/1736\/revisions\/1737"}],"wp:featuredmedia":[{"embeddable":true,"href":"https:\/\/sv-koerne83.de\/wordpress\/wp-json\/wp\/v2\/media\/1735"}],"wp:attachment":[{"href":"https:\/\/sv-koerne83.de\/wordpress\/wp-json\/wp\/v2\/media?parent=1736"}],"wp:term":[{"taxonomy":"category","embeddable":true,"href":"https:\/\/sv-koerne83.de\/wordpress\/wp-json\/wp\/v2\/categories?post=1736"},{"taxonomy":"post_tag","embeddable":true,"href":"https:\/\/sv-koerne83.de\/wordpress\/wp-json\/wp\/v2\/tags?post=1736"}],"curies":[{"name":"wp","href":"https:\/\/api.w.org\/{rel}","templated":true}]}}