{"id":1742,"date":"2020-09-14T09:54:32","date_gmt":"2020-09-14T07:54:32","guid":{"rendered":"https:\/\/sv-koerne83.de\/wordpress\/?p=1742"},"modified":"2020-09-14T11:30:03","modified_gmt":"2020-09-14T09:30:03","slug":"1-mannschaft-siegt-gegen-brambauer","status":"publish","type":"post","link":"https:\/\/sv-koerne83.de\/wordpress\/2020\/09\/14\/1-mannschaft-siegt-gegen-brambauer\/","title":{"rendered":"1. Mannschaft siegt gegen Brambauer"},"content":{"rendered":"\n<p>In einem hart umk\u00e4mpften Spiel gewann die 1. Mannschaft ihr Heimspiel gegen den BV Brambauer II. Den einzigen Treffer des Spiels erzielte Marc Grabemann in der 25. Minute.<\/p>\n\n\n\n<p>Die 2. Mannschaft musste eine ungl\u00fcckliche 4:5 Niederlage hinnehmen. Fabian Wangerowski brachte das Team mit 1:0 in F\u00fchrung. In der zweiten Halbzeit \u00fcberschlugen sich die Ereignisse. Marcel Nowak und Emirhan Yilmaz erzielten die zwischenzeitliche 4:2 F\u00fchrung. In den Schlussminuten konnten die G\u00e4ste aus Brackel das Spiel leider noch zu ihren Gunsten drehen.<\/p>\n\n\n\n<p>Die B-Jugend verlor das Derby gegen TuS K\u00f6rne knapp mit 3:2. Den 1:0 R\u00fcckstand konnte die Mannschaft in ein 2:2 ausgleichen. Erst in den Schlussminuten traf der Gastgeber zum 3:2 Endstand.<\/p>\n\n\n\n<p>Die A-Jugend verlor ihr Heimspiel gegen den BV Brambauer deutlich mit 8:2 und bleibt in dieser Saison weiterhin sieglos.<\/p>\n","protected":false},"excerpt":{"rendered":"<p>In einem hart umk\u00e4mpften Spiel gewann die 1. Mannschaft ihr Heimspiel gegen den BV Brambauer II. Den einzigen Treffer des Spiels erzielte Marc Grabemann in der 25. Minute. Die 2. [&hellip;]<\/p>\n","protected":false},"author":2,"featured_media":1208,"comment_status":"closed","ping_status":"open","sticky":false,"template":"","format":"standard","meta":{"_jetpack_memberships_contains_paid_content":false,"footnotes":""},"categories":[30,31,1,35],"tags":[],"class_list":["post-1742","post","type-post","status-publish","format-standard","has-post-thumbnail","hentry","category-1-mannschaft","category-2-mannschaft","category-allgemein","category-jugend"],"jetpack_sharing_enabled":true,"jetpack_featured_media_url":"https:\/\/sv-koerne83.de\/wordpress\/wp-content\/uploads\/2020\/01\/img_1534.jpg","_links":{"self":[{"href":"https:\/\/sv-koerne83.de\/wordpress\/wp-json\/wp\/v2\/posts\/1742","targetHints":{"allow":["GET"]}}],"collection":[{"href":"https:\/\/sv-koerne83.de\/wordpress\/wp-json\/wp\/v2\/posts"}],"about":[{"href":"https:\/\/sv-koerne83.de\/wordpress\/wp-json\/wp\/v2\/types\/post"}],"author":[{"embeddable":true,"href":"https:\/\/sv-koerne83.de\/wordpress\/wp-json\/wp\/v2\/users\/2"}],"replies":[{"embeddable":true,"href":"https:\/\/sv-koerne83.de\/wordpress\/wp-json\/wp\/v2\/comments?post=1742"}],"version-history":[{"count":2,"href":"https:\/\/sv-koerne83.de\/wordpress\/wp-json\/wp\/v2\/posts\/1742\/revisions"}],"predecessor-version":[{"id":1744,"href":"https:\/\/sv-koerne83.de\/wordpress\/wp-json\/wp\/v2\/posts\/1742\/revisions\/1744"}],"wp:featuredmedia":[{"embeddable":true,"href":"https:\/\/sv-koerne83.de\/wordpress\/wp-json\/wp\/v2\/media\/1208"}],"wp:attachment":[{"href":"https:\/\/sv-koerne83.de\/wordpress\/wp-json\/wp\/v2\/media?parent=1742"}],"wp:term":[{"taxonomy":"category","embeddable":true,"href":"https:\/\/sv-koerne83.de\/wordpress\/wp-json\/wp\/v2\/categories?post=1742"},{"taxonomy":"post_tag","embeddable":true,"href":"https:\/\/sv-koerne83.de\/wordpress\/wp-json\/wp\/v2\/tags?post=1742"}],"curies":[{"name":"wp","href":"https:\/\/api.w.org\/{rel}","templated":true}]}}