{"id":1746,"date":"2020-09-15T23:13:25","date_gmt":"2020-09-15T21:13:25","guid":{"rendered":"https:\/\/sv-koerne83.de\/wordpress\/?p=1746"},"modified":"2020-09-19T15:10:00","modified_gmt":"2020-09-19T13:10:00","slug":"unglueckliche-niederlage-im-derby-fuer-unsere-b-jugend","status":"publish","type":"post","link":"https:\/\/sv-koerne83.de\/wordpress\/2020\/09\/15\/unglueckliche-niederlage-im-derby-fuer-unsere-b-jugend\/","title":{"rendered":"Ungl\u00fcckliche Niederlage im Derby f\u00fcr unsere B-Jugend"},"content":{"rendered":"\n<p>Es war Derbyzeit in K\u00f6rne. Unsere B-Jugend war am letzten Sonntag zu Gast beim DJK TuS K\u00f6rne. <\/p>\n\n\n\n<p>Es entwickelte sich ein tolles Fu\u00dfballspiel. Viele Zweik\u00e4mpfe und Torchancen zeichneten dieses Spiel aus. <\/p>\n\n\n\n<p>In der ersten Halbzeit hatte der Gastgeber den besseren Start. Einen verdeckten Schuss nach einem Abpraller aus 18 Metern landete unten links im SVK Tor. Immer wieder flogen die Eckb\u00e4lle gef\u00e4hrlich vor das Tor. Die Druckphase konnte man trotzdem gut \u00fcberstehen und kam auch selbst zu Chancen. Jamie h\u00e4tte kurz vor der Pause den Ausgleich erzielen m\u00fcssen. Sein Schuss ging millimeter am Kasten vorbei.<\/p>\n\n\n\n<p>Nach der Pause erh\u00f6hten die M\u00e4nner aus dem Affenk\u00e4fig die Schlagzahl. Nach einem tollen Angriff \u00fcber die rechte Seite und pr\u00e4ziser Flanke in die Mitte von Cristian netzte Noel zum Ausgleich ein. Der SV blieb weiter dran. Ein schnell ausgef\u00fchrter Freisto\u00df von Aynur landete bei Noel. Dieser bediente Aris und K\u00f6rnes Nummer 14 schlenzte die Kugel wundersch\u00f6n zur F\u00fchrung ins gegnerische Geh\u00e4use. <\/p>\n\n\n\n<p>Leider konnte die F\u00fchrung nicht \u00fcber die Zeit gebracht werden. Trotz weiterer Chancen schaffte der TuS noch das Spiel zu drehen und das Derby mit 3:2 f\u00fcr sich zu entscheiden.<\/p>\n\n\n\n<p>Noch schlimmer als die Niederlage war die schwerwiegende Verletzung von Maurice. Nach einem tollen Solo vom eigenen Strafraum aus, wurde er per Bodycheck kurz hinter der Mittellinie gefoult. Der Ball war meilenweit entfernt. Dabei brach er sich das Schl\u00fcsselbein. Der \u00dcbelt\u00e4ter bekam gerade mal eine gelben Karte daf\u00fcr. Ob er operiert werden muss, entscheidet sich in der kommenden Woche. Der gesamte Verein w\u00fcnscht Maurice eine schnelle und vollst\u00e4ndige Genesung.<\/p>\n\n\n\n<p>Am kommenden Wochenende wird die Meisterschaft erneut f\u00fcr unsere B-Jugend unterbrochen. Man bestreitet deswegen ein weiteres Testspiel. Gegner wird dann Preu\u00dfen 07 L\u00fcnen sein.<\/p>\n\n\n\n<p><strong>DJK TuS K\u00f6rne &#8211; SV K\u00f6rne 83 3:2 (1:0)<\/strong><br>Aufstellung: 1 Halidov, 3 Shamradi, 5 Khassyanov, 6 Einhaus, 10 Gettel (36. 11 Frantzeskakis), 12 Abdul Razag, 14 Litis, 15 Arispe (c), 18 Reidinger (41. Zaydev), 21 Opiela (30. 2 Boye-Sekan), 22 Amiri (60. 20 El Bakouri)<\/p>\n\n\n\n<p>Tore: 1:0 (10.), <strong>1:1 Boye-Sekan (51.), 1:2 Litis (55.)<\/strong>, 2:2 (60.), 3:2 (71.)<\/p>\n\n\n\n<p><strong>N\u00e4chster Termin:<br>Sonntag 20.09.2020 10.00 Uhr<br>Testspiel<br>SV K\u00f6rne 83 &#8211; <\/strong>Eintracht Erle 1928 II<\/p>\n","protected":false},"excerpt":{"rendered":"<p>Es war Derbyzeit in K\u00f6rne. Unsere B-Jugend war am letzten Sonntag zu Gast beim DJK TuS K\u00f6rne. Es entwickelte sich ein tolles Fu\u00dfballspiel. Viele Zweik\u00e4mpfe und Torchancen zeichneten dieses Spiel [&hellip;]<\/p>\n","protected":false},"author":3,"featured_media":1750,"comment_status":"closed","ping_status":"open","sticky":false,"template":"","format":"standard","meta":{"_jetpack_memberships_contains_paid_content":false,"footnotes":""},"categories":[1,35],"tags":[],"class_list":["post-1746","post","type-post","status-publish","format-standard","has-post-thumbnail","hentry","category-allgemein","category-jugend"],"jetpack_sharing_enabled":true,"jetpack_featured_media_url":"https:\/\/sv-koerne83.de\/wordpress\/wp-content\/uploads\/2020\/09\/IMG-20200913-WA0015.jpg","_links":{"self":[{"href":"https:\/\/sv-koerne83.de\/wordpress\/wp-json\/wp\/v2\/posts\/1746","targetHints":{"allow":["GET"]}}],"collection":[{"href":"https:\/\/sv-koerne83.de\/wordpress\/wp-json\/wp\/v2\/posts"}],"about":[{"href":"https:\/\/sv-koerne83.de\/wordpress\/wp-json\/wp\/v2\/types\/post"}],"author":[{"embeddable":true,"href":"https:\/\/sv-koerne83.de\/wordpress\/wp-json\/wp\/v2\/users\/3"}],"replies":[{"embeddable":true,"href":"https:\/\/sv-koerne83.de\/wordpress\/wp-json\/wp\/v2\/comments?post=1746"}],"version-history":[{"count":3,"href":"https:\/\/sv-koerne83.de\/wordpress\/wp-json\/wp\/v2\/posts\/1746\/revisions"}],"predecessor-version":[{"id":1756,"href":"https:\/\/sv-koerne83.de\/wordpress\/wp-json\/wp\/v2\/posts\/1746\/revisions\/1756"}],"wp:featuredmedia":[{"embeddable":true,"href":"https:\/\/sv-koerne83.de\/wordpress\/wp-json\/wp\/v2\/media\/1750"}],"wp:attachment":[{"href":"https:\/\/sv-koerne83.de\/wordpress\/wp-json\/wp\/v2\/media?parent=1746"}],"wp:term":[{"taxonomy":"category","embeddable":true,"href":"https:\/\/sv-koerne83.de\/wordpress\/wp-json\/wp\/v2\/categories?post=1746"},{"taxonomy":"post_tag","embeddable":true,"href":"https:\/\/sv-koerne83.de\/wordpress\/wp-json\/wp\/v2\/tags?post=1746"}],"curies":[{"name":"wp","href":"https:\/\/api.w.org\/{rel}","templated":true}]}}