{"id":1753,"date":"2020-09-16T07:24:54","date_gmt":"2020-09-16T05:24:54","guid":{"rendered":"https:\/\/sv-koerne83.de\/wordpress\/?p=1753"},"modified":"2020-09-16T07:24:55","modified_gmt":"2020-09-16T05:24:55","slug":"sieg-gegen-westhofen","status":"publish","type":"post","link":"https:\/\/sv-koerne83.de\/wordpress\/2020\/09\/16\/sieg-gegen-westhofen\/","title":{"rendered":"Sieg gegen Westhofen"},"content":{"rendered":"\n<p>Die 1. Mannschaft gewann das gestrige Pokalspiel gegen den VfB Westhofen mit 4:2. Ivo Hintze brachte das Team von Viktor Pusch in der 14. Minute mit 1:0 in F\u00fchrung. Der Gast aus Schwerte glich sechs Minuten sp\u00e4ter zum 1:1 aus. Vor der Pause erh\u00f6hten Marco Kobbe und Viktor Didel zum 3:1 Halbzeitstand.&nbsp;<\/p>\n\n\n\n<p>Nach dem Seitenwechsel verk\u00fcrzte der VfB auf 3:2. K\u00f6rnes Torh\u00fcter Uwe Reher entsch\u00e4rfte noch einige Torchancen der G\u00e4ste. Kurz vor dem Abpfiff traf erneut Marco Kobbe zum 4:2 Endstand.<\/p>\n\n\n\n<p>In der n\u00e4chsten Pokalrunde wartet der Sieger aus der Partie FC Dortmund gegen TV Brechten.&nbsp;<\/p>\n","protected":false},"excerpt":{"rendered":"<p>Die 1. Mannschaft gewann das gestrige Pokalspiel gegen den VfB Westhofen mit 4:2. Ivo Hintze brachte das Team von Viktor Pusch in der 14. Minute mit 1:0 in F\u00fchrung. Der [&hellip;]<\/p>\n","protected":false},"author":2,"featured_media":1754,"comment_status":"closed","ping_status":"open","sticky":false,"template":"","format":"standard","meta":{"_jetpack_memberships_contains_paid_content":false,"footnotes":""},"categories":[30,1],"tags":[],"class_list":["post-1753","post","type-post","status-publish","format-standard","has-post-thumbnail","hentry","category-1-mannschaft","category-allgemein"],"jetpack_sharing_enabled":true,"jetpack_featured_media_url":"https:\/\/sv-koerne83.de\/wordpress\/wp-content\/uploads\/2020\/09\/FBC524BE-625A-4E85-BC5A-232BC0B01272.jpeg","_links":{"self":[{"href":"https:\/\/sv-koerne83.de\/wordpress\/wp-json\/wp\/v2\/posts\/1753","targetHints":{"allow":["GET"]}}],"collection":[{"href":"https:\/\/sv-koerne83.de\/wordpress\/wp-json\/wp\/v2\/posts"}],"about":[{"href":"https:\/\/sv-koerne83.de\/wordpress\/wp-json\/wp\/v2\/types\/post"}],"author":[{"embeddable":true,"href":"https:\/\/sv-koerne83.de\/wordpress\/wp-json\/wp\/v2\/users\/2"}],"replies":[{"embeddable":true,"href":"https:\/\/sv-koerne83.de\/wordpress\/wp-json\/wp\/v2\/comments?post=1753"}],"version-history":[{"count":1,"href":"https:\/\/sv-koerne83.de\/wordpress\/wp-json\/wp\/v2\/posts\/1753\/revisions"}],"predecessor-version":[{"id":1755,"href":"https:\/\/sv-koerne83.de\/wordpress\/wp-json\/wp\/v2\/posts\/1753\/revisions\/1755"}],"wp:featuredmedia":[{"embeddable":true,"href":"https:\/\/sv-koerne83.de\/wordpress\/wp-json\/wp\/v2\/media\/1754"}],"wp:attachment":[{"href":"https:\/\/sv-koerne83.de\/wordpress\/wp-json\/wp\/v2\/media?parent=1753"}],"wp:term":[{"taxonomy":"category","embeddable":true,"href":"https:\/\/sv-koerne83.de\/wordpress\/wp-json\/wp\/v2\/categories?post=1753"},{"taxonomy":"post_tag","embeddable":true,"href":"https:\/\/sv-koerne83.de\/wordpress\/wp-json\/wp\/v2\/tags?post=1753"}],"curies":[{"name":"wp","href":"https:\/\/api.w.org\/{rel}","templated":true}]}}