{"id":1757,"date":"2020-09-19T15:24:45","date_gmt":"2020-09-19T13:24:45","guid":{"rendered":"https:\/\/sv-koerne83.de\/wordpress\/?p=1757"},"modified":"2020-09-19T15:24:45","modified_gmt":"2020-09-19T13:24:45","slug":"vorbericht-b-jugend-eintracht-erle-1928-ii","status":"publish","type":"post","link":"https:\/\/sv-koerne83.de\/wordpress\/2020\/09\/19\/vorbericht-b-jugend-eintracht-erle-1928-ii\/","title":{"rendered":"Vorbericht: B-Jugend &#8211; Eintracht Erle 1928 II"},"content":{"rendered":"\n<p>Am morgigen Sonntag testet unsere B-Jugend erneut. Gegner sind unsere G\u00e4ste von Eintracht Erle 1928 II. Nachdem am Dienstag der urspr\u00fcngliche Gegner Preu\u00dfen 07 L\u00fcnen absagen musste, fand man gl\u00fccklicherweise schnell einen Ersatzgegner.<\/p>\n\n\n\n<p>Unser Gast spielt in der Kreisliga B in Gelsenkirchen.<\/p>\n\n\n\n<p>Unsere B-Jugend wird einige Stammspieler schonen, damit diese n\u00e4chste Woche im Alles oder Nichts Spiel in Westrich fit sind. Bis auf weiteres wird die Mannschaft ohne ihren Verteidiger Maurice Einhaus auskommen. Nach seinem Schl\u00fcsselbeinbruch im Spiel beim DJK TuS K\u00f6rne hofft man, dass er bald wieder gesund ist.<\/p>\n\n\n\n<p>Es werden einige Spieler zum Einsatz kommen, die bis jetzt sehr selten gespielt haben. Sein Deb\u00fct im Trikot des SVK wird unser Neuzugang Safwan El Ghazzazi geben, der zuletzt bei der SG Alemannia Scharnhorst spielte.<\/p>\n\n\n\n<p>Ansto\u00df ist um 10.00 Uhr zuhause auf dem Sportplatz Am Winkelriedweg. Das Vereinsheim ist wie immer ge\u00f6ffnet.<\/p>\n","protected":false},"excerpt":{"rendered":"<p>Am morgigen Sonntag testet unsere B-Jugend erneut. Gegner sind unsere G\u00e4ste von Eintracht Erle 1928 II. Nachdem am Dienstag der urspr\u00fcngliche Gegner Preu\u00dfen 07 L\u00fcnen absagen musste, fand man gl\u00fccklicherweise [&hellip;]<\/p>\n","protected":false},"author":3,"featured_media":1759,"comment_status":"closed","ping_status":"open","sticky":false,"template":"","format":"standard","meta":{"_jetpack_memberships_contains_paid_content":false,"footnotes":""},"categories":[1],"tags":[],"class_list":["post-1757","post","type-post","status-publish","format-standard","has-post-thumbnail","hentry","category-allgemein"],"jetpack_sharing_enabled":true,"jetpack_featured_media_url":"https:\/\/sv-koerne83.de\/wordpress\/wp-content\/uploads\/2020\/09\/IMG-20200914-WA0003.jpg","_links":{"self":[{"href":"https:\/\/sv-koerne83.de\/wordpress\/wp-json\/wp\/v2\/posts\/1757","targetHints":{"allow":["GET"]}}],"collection":[{"href":"https:\/\/sv-koerne83.de\/wordpress\/wp-json\/wp\/v2\/posts"}],"about":[{"href":"https:\/\/sv-koerne83.de\/wordpress\/wp-json\/wp\/v2\/types\/post"}],"author":[{"embeddable":true,"href":"https:\/\/sv-koerne83.de\/wordpress\/wp-json\/wp\/v2\/users\/3"}],"replies":[{"embeddable":true,"href":"https:\/\/sv-koerne83.de\/wordpress\/wp-json\/wp\/v2\/comments?post=1757"}],"version-history":[{"count":1,"href":"https:\/\/sv-koerne83.de\/wordpress\/wp-json\/wp\/v2\/posts\/1757\/revisions"}],"predecessor-version":[{"id":1758,"href":"https:\/\/sv-koerne83.de\/wordpress\/wp-json\/wp\/v2\/posts\/1757\/revisions\/1758"}],"wp:featuredmedia":[{"embeddable":true,"href":"https:\/\/sv-koerne83.de\/wordpress\/wp-json\/wp\/v2\/media\/1759"}],"wp:attachment":[{"href":"https:\/\/sv-koerne83.de\/wordpress\/wp-json\/wp\/v2\/media?parent=1757"}],"wp:term":[{"taxonomy":"category","embeddable":true,"href":"https:\/\/sv-koerne83.de\/wordpress\/wp-json\/wp\/v2\/categories?post=1757"},{"taxonomy":"post_tag","embeddable":true,"href":"https:\/\/sv-koerne83.de\/wordpress\/wp-json\/wp\/v2\/tags?post=1757"}],"curies":[{"name":"wp","href":"https:\/\/api.w.org\/{rel}","templated":true}]}}