{"id":1764,"date":"2020-09-20T08:56:43","date_gmt":"2020-09-20T06:56:43","guid":{"rendered":"https:\/\/sv-koerne83.de\/wordpress\/?p=1764"},"modified":"2020-09-20T08:56:44","modified_gmt":"2020-09-20T06:56:44","slug":"e2-siegt-deutlich","status":"publish","type":"post","link":"https:\/\/sv-koerne83.de\/wordpress\/2020\/09\/20\/e2-siegt-deutlich\/","title":{"rendered":"E2 siegt deutlich"},"content":{"rendered":"\n<p>Im dritten Saisonspiel gelang ein klarer 12:0 (5:0) Heimsieg gegen den VfR S\u00f6lde II.<br>Bei herrlichem Fu\u00dfballwetter dr\u00fcckten die Hausherren von Beginn an m\u00e4chtig aufs Tempo. Die Mannschaft vom SV K\u00f6rne wollte unbedingt drei Punkte einfahren und erspielte sich schnell die ersten Chancen. Doch dauerte es 10 Minuten bis das erl\u00f6sende 1:0 fiel. Dann ging es jedoch Schlag auf Schlag gegen \u00fcberforderte G\u00e4ste aus S\u00f6lde, die leicht ersatzgeschw\u00e4cht antreten mussten. 5:0 stand es schlie\u00dflich zur Pause. Nach dem Wechsel ging es konzentriert und leidenschaftlich nahtlos so weiter. Mit der komfortablen F\u00fchrung im R\u00fccken lie\u00df es sich leicht aufspielen, gelangen sehenswerte Kombinationen.<\/p>\n\n\n\n<p>Am Ende konnte ein auch in dieser H\u00f6he verdienter 12:0-Sieg verbucht und der 3. Tabellenplatz gefestigt werden. In die Torsch\u00fctzenliste eintragen konnten sich Jaki (4), Lucas (2), Berivan (2), Carl, Julius, Til und Kjell.<\/p>\n","protected":false},"excerpt":{"rendered":"<p>Im dritten Saisonspiel gelang ein klarer 12:0 (5:0) Heimsieg gegen den VfR S\u00f6lde II.Bei herrlichem Fu\u00dfballwetter dr\u00fcckten die Hausherren von Beginn an m\u00e4chtig aufs Tempo. Die Mannschaft vom SV K\u00f6rne [&hellip;]<\/p>\n","protected":false},"author":2,"featured_media":1763,"comment_status":"closed","ping_status":"open","sticky":false,"template":"","format":"standard","meta":{"_jetpack_memberships_contains_paid_content":false,"footnotes":""},"categories":[1,35],"tags":[],"class_list":["post-1764","post","type-post","status-publish","format-standard","has-post-thumbnail","hentry","category-allgemein","category-jugend"],"jetpack_sharing_enabled":true,"jetpack_featured_media_url":"https:\/\/sv-koerne83.de\/wordpress\/wp-content\/uploads\/2020\/09\/7e1c65b4-3826-43cb-9f80-547cc5410a59.jpg","_links":{"self":[{"href":"https:\/\/sv-koerne83.de\/wordpress\/wp-json\/wp\/v2\/posts\/1764","targetHints":{"allow":["GET"]}}],"collection":[{"href":"https:\/\/sv-koerne83.de\/wordpress\/wp-json\/wp\/v2\/posts"}],"about":[{"href":"https:\/\/sv-koerne83.de\/wordpress\/wp-json\/wp\/v2\/types\/post"}],"author":[{"embeddable":true,"href":"https:\/\/sv-koerne83.de\/wordpress\/wp-json\/wp\/v2\/users\/2"}],"replies":[{"embeddable":true,"href":"https:\/\/sv-koerne83.de\/wordpress\/wp-json\/wp\/v2\/comments?post=1764"}],"version-history":[{"count":1,"href":"https:\/\/sv-koerne83.de\/wordpress\/wp-json\/wp\/v2\/posts\/1764\/revisions"}],"predecessor-version":[{"id":1765,"href":"https:\/\/sv-koerne83.de\/wordpress\/wp-json\/wp\/v2\/posts\/1764\/revisions\/1765"}],"wp:featuredmedia":[{"embeddable":true,"href":"https:\/\/sv-koerne83.de\/wordpress\/wp-json\/wp\/v2\/media\/1763"}],"wp:attachment":[{"href":"https:\/\/sv-koerne83.de\/wordpress\/wp-json\/wp\/v2\/media?parent=1764"}],"wp:term":[{"taxonomy":"category","embeddable":true,"href":"https:\/\/sv-koerne83.de\/wordpress\/wp-json\/wp\/v2\/categories?post=1764"},{"taxonomy":"post_tag","embeddable":true,"href":"https:\/\/sv-koerne83.de\/wordpress\/wp-json\/wp\/v2\/tags?post=1764"}],"curies":[{"name":"wp","href":"https:\/\/api.w.org\/{rel}","templated":true}]}}