{"id":1766,"date":"2020-09-21T10:35:41","date_gmt":"2020-09-21T08:35:41","guid":{"rendered":"https:\/\/sv-koerne83.de\/wordpress\/?p=1766"},"modified":"2020-09-21T10:35:42","modified_gmt":"2020-09-21T08:35:42","slug":"auswaertssieg-in-luenen","status":"publish","type":"post","link":"https:\/\/sv-koerne83.de\/wordpress\/2020\/09\/21\/auswaertssieg-in-luenen\/","title":{"rendered":"Ausw\u00e4rtssieg in L\u00fcnen"},"content":{"rendered":"\n<p>Die 1. Mannschaft konnte am gestrigen Sonntag einen 4:0 Ausw\u00e4rtserfolg bei Preu\u00dfen L\u00fcnen einfahren. Bereits zur Pause f\u00fchrte das Team von Trainer Viktor Pusch durch Tore von Marc Grabemann, Marco Kobbe und Viktor Pusch mit 3:0. In der 2. Halbzeit konnte erneut Marco Kobbe auf 4:0 erh\u00f6hen.<\/p>\n\n\n\n<p>Die 2. Mannschaft verlor erneut ungl\u00fccklich durch einen Treffer kurz vor dem Abpfiff. Bei TV Brechten II hie\u00df es am Ende 6:5 f\u00fcr die Gastgeber. In der 82. Minute glich Matthias Br\u00fcseke noch zum 5:5 aus. In der 89. Minute erzielten die Brechtener den 6:5 Endstand.<\/p>\n\n\n\n<p>Die 3. Mannschaft gewann gegen RW Obereving mit 11:2. Ufuk Serdar und Peter Respondek konnten sich jeweils dreimal in die Torsch\u00fctzenliste eintragen. Yassir Bouzerda traf doppelt. Jeweils ein Treffer erzielten Suzan Hamo, Linus Paelke und Omar Tirsatine.<\/p>\n\n\n\n<p>Die 4. Mannschaft gewann ihr Heimspiel gegen K.F. Sharri III mit 1:0. In diesem hartumk\u00e4mpften Spiel war es Dennis Kaul, der bereits in der 8. Spielminute den einzigen Treffer der Partie erzielte.<\/p>\n\n\n\n<p>Die A-Jugend gewann ihr erstes Meisterschaftsspiel gegen den FC Merkur mit 2:1. In der 1. Minute traf Florian Fricke zur 1:0 F\u00fchrung. Vor der Pause glich der Gastgeber noch zum 1:1 aus. Durch ein Eigentor in der 2. Halbzeit ging die A-Jugend am Ende als Sieger vom Platz.<\/p>\n\n\n\n<p>Die B-Jungend verlor ihr Testspiel gegen Eintracht Erle II mit 8:0.<\/p>\n","protected":false},"excerpt":{"rendered":"<p>Die 1. Mannschaft konnte am gestrigen Sonntag einen 4:0 Ausw\u00e4rtserfolg bei Preu\u00dfen L\u00fcnen einfahren. Bereits zur Pause f\u00fchrte das Team von Trainer Viktor Pusch durch Tore von Marc Grabemann, Marco [&hellip;]<\/p>\n","protected":false},"author":2,"featured_media":606,"comment_status":"closed","ping_status":"open","sticky":false,"template":"","format":"standard","meta":{"_jetpack_memberships_contains_paid_content":false,"footnotes":""},"categories":[30,31,32,33,1,35],"tags":[],"class_list":["post-1766","post","type-post","status-publish","format-standard","has-post-thumbnail","hentry","category-1-mannschaft","category-2-mannschaft","category-3-mannschaft","category-4-mannschaft","category-allgemein","category-jugend"],"jetpack_sharing_enabled":true,"jetpack_featured_media_url":"https:\/\/sv-koerne83.de\/wordpress\/wp-content\/uploads\/2019\/08\/F6545CB4-8A6F-4C40-9239-70D1A9E5519C.jpeg","_links":{"self":[{"href":"https:\/\/sv-koerne83.de\/wordpress\/wp-json\/wp\/v2\/posts\/1766","targetHints":{"allow":["GET"]}}],"collection":[{"href":"https:\/\/sv-koerne83.de\/wordpress\/wp-json\/wp\/v2\/posts"}],"about":[{"href":"https:\/\/sv-koerne83.de\/wordpress\/wp-json\/wp\/v2\/types\/post"}],"author":[{"embeddable":true,"href":"https:\/\/sv-koerne83.de\/wordpress\/wp-json\/wp\/v2\/users\/2"}],"replies":[{"embeddable":true,"href":"https:\/\/sv-koerne83.de\/wordpress\/wp-json\/wp\/v2\/comments?post=1766"}],"version-history":[{"count":1,"href":"https:\/\/sv-koerne83.de\/wordpress\/wp-json\/wp\/v2\/posts\/1766\/revisions"}],"predecessor-version":[{"id":1767,"href":"https:\/\/sv-koerne83.de\/wordpress\/wp-json\/wp\/v2\/posts\/1766\/revisions\/1767"}],"wp:featuredmedia":[{"embeddable":true,"href":"https:\/\/sv-koerne83.de\/wordpress\/wp-json\/wp\/v2\/media\/606"}],"wp:attachment":[{"href":"https:\/\/sv-koerne83.de\/wordpress\/wp-json\/wp\/v2\/media?parent=1766"}],"wp:term":[{"taxonomy":"category","embeddable":true,"href":"https:\/\/sv-koerne83.de\/wordpress\/wp-json\/wp\/v2\/categories?post=1766"},{"taxonomy":"post_tag","embeddable":true,"href":"https:\/\/sv-koerne83.de\/wordpress\/wp-json\/wp\/v2\/tags?post=1766"}],"curies":[{"name":"wp","href":"https:\/\/api.w.org\/{rel}","templated":true}]}}