{"id":1785,"date":"2020-09-27T10:14:18","date_gmt":"2020-09-27T08:14:18","guid":{"rendered":"https:\/\/sv-koerne83.de\/wordpress\/?p=1785"},"modified":"2020-09-27T10:14:19","modified_gmt":"2020-09-27T08:14:19","slug":"die-e2-ist-in-der-spur","status":"publish","type":"post","link":"https:\/\/sv-koerne83.de\/wordpress\/2020\/09\/27\/die-e2-ist-in-der-spur\/","title":{"rendered":"Die E2 ist in der Spur"},"content":{"rendered":"\n<p>Im vierten Saisonspiel der Qualifikationsgruppe 12 siegte die E2 des SV K\u00f6rne II beim KF Sharri II mit einer \u00fcberzeugenden Leistung 13:0 (4:0).<\/p>\n\n\n\n<p>Direkt war erkennbar, dass der SVK heute den Ton angeben w\u00fcrde. Der Gegner wurde fr\u00fch angelaufen und unter Druck gesetzt. Schnell ergaben sich Torchancen, die Carl, Berivan (2) und Jaki (Handelfmeter) zu Toren nutzen konnten. So stand es zur Pause verdient 4:0.<\/p>\n\n\n\n<p>Nach dem Wechsel ging es munter so weiter. Das eigene Spiel wurde z\u00fcgig er\u00f6ffnet und vor allem \u00fcber au\u00dfen schnell nach vorne getragen. Die emsige Berivan trieb immer wieder das Spiel an, setzte \u201eihre Jungs\u201c gut in Szene oder vollstreckte selbst. &nbsp;<\/p>\n\n\n\n<p>Nur gelegentlich kam der KF Sharri vor das Tor von Kjell, der einen \u00fcberwiegend ruhigen Vormittag verlebte und beherzt zupackte, wenn es n\u00f6tig war.<\/p>\n\n\n\n<p>Die resolute, gut eingespielte Abwehr stand gut und lie\u00df nur wenig zu.<\/p>\n\n\n\n<p>In dem einseitigen Spiel fielen dann die weiteren Tore. Oskar setzte die beiden Schlusspunkte zum nie gef\u00e4hrdeten Sieg &#8211; unter anderem mit einer tollen Direktabnahme nach sch\u00f6ner Flanke von Til zum 12:0.<\/p>\n\n\n\n<p>Torsch\u00fctzen: Berivan (3), Carl (2), Jaki (2), Oskar (2), Edi, Jakob, Julius und Lucas.<\/p>\n\n\n\n<p>Nach dem ungl\u00fccklichen Saisonauftakt mit einer Heimniederlage gegen den starken Altjahrgang vom TuS Holzen-Sommerberg war dies nun der dritte deutliche Sieg in Folge. So bleibt die Mannschaft von Andreas Lorenz und Heiko Sasse in Schlagdistanz zu den noch unbesiegten Mannschaften aus Holzen (1.) und VfL Schwerte II (2.). &nbsp;N\u00e4chsten&nbsp; Samstag empf\u00e4ngt die E2 die Mannschaft vom VfB Westhofen um 11:00h am Winkelriedweg.<\/p>\n","protected":false},"excerpt":{"rendered":"<p>Im vierten Saisonspiel der Qualifikationsgruppe 12 siegte die E2 des SV K\u00f6rne II beim KF Sharri II mit einer \u00fcberzeugenden Leistung 13:0 (4:0). Direkt war erkennbar, dass der SVK heute [&hellip;]<\/p>\n","protected":false},"author":2,"featured_media":1667,"comment_status":"closed","ping_status":"open","sticky":false,"template":"","format":"standard","meta":{"_jetpack_memberships_contains_paid_content":false,"footnotes":""},"categories":[1,35],"tags":[],"class_list":["post-1785","post","type-post","status-publish","format-standard","has-post-thumbnail","hentry","category-allgemein","category-jugend"],"jetpack_sharing_enabled":true,"jetpack_featured_media_url":"https:\/\/sv-koerne83.de\/wordpress\/wp-content\/uploads\/2020\/08\/img_3415.jpg","_links":{"self":[{"href":"https:\/\/sv-koerne83.de\/wordpress\/wp-json\/wp\/v2\/posts\/1785","targetHints":{"allow":["GET"]}}],"collection":[{"href":"https:\/\/sv-koerne83.de\/wordpress\/wp-json\/wp\/v2\/posts"}],"about":[{"href":"https:\/\/sv-koerne83.de\/wordpress\/wp-json\/wp\/v2\/types\/post"}],"author":[{"embeddable":true,"href":"https:\/\/sv-koerne83.de\/wordpress\/wp-json\/wp\/v2\/users\/2"}],"replies":[{"embeddable":true,"href":"https:\/\/sv-koerne83.de\/wordpress\/wp-json\/wp\/v2\/comments?post=1785"}],"version-history":[{"count":1,"href":"https:\/\/sv-koerne83.de\/wordpress\/wp-json\/wp\/v2\/posts\/1785\/revisions"}],"predecessor-version":[{"id":1786,"href":"https:\/\/sv-koerne83.de\/wordpress\/wp-json\/wp\/v2\/posts\/1785\/revisions\/1786"}],"wp:featuredmedia":[{"embeddable":true,"href":"https:\/\/sv-koerne83.de\/wordpress\/wp-json\/wp\/v2\/media\/1667"}],"wp:attachment":[{"href":"https:\/\/sv-koerne83.de\/wordpress\/wp-json\/wp\/v2\/media?parent=1785"}],"wp:term":[{"taxonomy":"category","embeddable":true,"href":"https:\/\/sv-koerne83.de\/wordpress\/wp-json\/wp\/v2\/categories?post=1785"},{"taxonomy":"post_tag","embeddable":true,"href":"https:\/\/sv-koerne83.de\/wordpress\/wp-json\/wp\/v2\/tags?post=1785"}],"curies":[{"name":"wp","href":"https:\/\/api.w.org\/{rel}","templated":true}]}}