{"id":1788,"date":"2020-09-28T08:07:35","date_gmt":"2020-09-28T06:07:35","guid":{"rendered":"https:\/\/sv-koerne83.de\/wordpress\/?p=1788"},"modified":"2020-09-28T08:07:36","modified_gmt":"2020-09-28T06:07:36","slug":"erste-mannschaft-siegt-gegen-kemminghausen","status":"publish","type":"post","link":"https:\/\/sv-koerne83.de\/wordpress\/2020\/09\/28\/erste-mannschaft-siegt-gegen-kemminghausen\/","title":{"rendered":"Erste Mannschaft siegt gegen Kemminghausen"},"content":{"rendered":"\n<p>Die erste Mannschaft konnte am gestrigen Sonntag einen 5:0 Heimsieg gegen den VfL Kemminghausen II einfahren. Die st\u00fcrmische Anfangsphase der G\u00e4ste \u00fcberstand die Mannschaft von Trainer Viktor Pusch souver\u00e4n und ging in der 29. Minute durch Christian Salk mit 1:0 in F\u00fchrung. Kurz vor der Pause erh\u00f6hte Marcel J\u00fcrgens auf 2:0. Nach dem Seitenwechsel legte das Team direkt nach. Marco Kobbe erzielte das 3:0. Im Laufe des restlichen Spiels kam von den G\u00e4sten wenig Gegenwehr, so konnten Thorben Pieper und Viktor Didel den 5:0 Endstand markieren.<\/p>\n\n\n\n<p>Die dritte Mannschaft gewann ihr Ausw\u00e4rtsspiel bei T\u00fcrkspor Dortmund IV mit 1:0. Nach einer torlosen ersten Halbzeit war es Suzan Hamo, der in der 65. Minute den Treffer zum entscheidenden 1:0 erzielen konnte.<\/p>\n\n\n\n<p>Die Frauen holten in einem starken Schlussspurt ein 3:3 gegen den A-Ligisten Wambeler SV II. Ein 0:3 R\u00fcckstand wurde in den letzten 10 Minuten in ein 3:3 ausgeglichen. Das Spiel nahm jedoch ein ungl\u00fcckliches Ende, da eine K\u00f6rner Spielerin mit einer Unterschenkelfraktur ins Krankenhaus gebracht werden musste. Die bevorstehende Operation findet heute statt. Alles Gute f\u00fcr die heutige OP und schnelle Genesungsw\u00fcnsche vom gesamten Verein.<\/p>\n","protected":false},"excerpt":{"rendered":"<p>Die erste Mannschaft konnte am gestrigen Sonntag einen 5:0 Heimsieg gegen den VfL Kemminghausen II einfahren. Die st\u00fcrmische Anfangsphase der G\u00e4ste \u00fcberstand die Mannschaft von Trainer Viktor Pusch souver\u00e4n und [&hellip;]<\/p>\n","protected":false},"author":2,"featured_media":1787,"comment_status":"closed","ping_status":"open","sticky":false,"template":"","format":"standard","meta":{"_jetpack_memberships_contains_paid_content":false,"footnotes":""},"categories":[30,32,1,45],"tags":[],"class_list":["post-1788","post","type-post","status-publish","format-standard","has-post-thumbnail","hentry","category-1-mannschaft","category-3-mannschaft","category-allgemein","category-frauen"],"jetpack_sharing_enabled":true,"jetpack_featured_media_url":"https:\/\/sv-koerne83.de\/wordpress\/wp-content\/uploads\/2020\/09\/img_3676-scaled.jpg","_links":{"self":[{"href":"https:\/\/sv-koerne83.de\/wordpress\/wp-json\/wp\/v2\/posts\/1788","targetHints":{"allow":["GET"]}}],"collection":[{"href":"https:\/\/sv-koerne83.de\/wordpress\/wp-json\/wp\/v2\/posts"}],"about":[{"href":"https:\/\/sv-koerne83.de\/wordpress\/wp-json\/wp\/v2\/types\/post"}],"author":[{"embeddable":true,"href":"https:\/\/sv-koerne83.de\/wordpress\/wp-json\/wp\/v2\/users\/2"}],"replies":[{"embeddable":true,"href":"https:\/\/sv-koerne83.de\/wordpress\/wp-json\/wp\/v2\/comments?post=1788"}],"version-history":[{"count":1,"href":"https:\/\/sv-koerne83.de\/wordpress\/wp-json\/wp\/v2\/posts\/1788\/revisions"}],"predecessor-version":[{"id":1789,"href":"https:\/\/sv-koerne83.de\/wordpress\/wp-json\/wp\/v2\/posts\/1788\/revisions\/1789"}],"wp:featuredmedia":[{"embeddable":true,"href":"https:\/\/sv-koerne83.de\/wordpress\/wp-json\/wp\/v2\/media\/1787"}],"wp:attachment":[{"href":"https:\/\/sv-koerne83.de\/wordpress\/wp-json\/wp\/v2\/media?parent=1788"}],"wp:term":[{"taxonomy":"category","embeddable":true,"href":"https:\/\/sv-koerne83.de\/wordpress\/wp-json\/wp\/v2\/categories?post=1788"},{"taxonomy":"post_tag","embeddable":true,"href":"https:\/\/sv-koerne83.de\/wordpress\/wp-json\/wp\/v2\/tags?post=1788"}],"curies":[{"name":"wp","href":"https:\/\/api.w.org\/{rel}","templated":true}]}}