{"id":1790,"date":"2020-09-28T11:14:51","date_gmt":"2020-09-28T09:14:51","guid":{"rendered":"https:\/\/sv-koerne83.de\/wordpress\/?p=1790"},"modified":"2020-09-28T16:42:40","modified_gmt":"2020-09-28T14:42:40","slug":"e1-jugend-mit-wichtigem-sieg","status":"publish","type":"post","link":"https:\/\/sv-koerne83.de\/wordpress\/2020\/09\/28\/e1-jugend-mit-wichtigem-sieg\/","title":{"rendered":"E1-Jugend mit wichtigem Sieg"},"content":{"rendered":"\n<p>Die <strong>E1-Jugend<\/strong> gewann ihr Meisterschaftsspiel gegen den TV Brechten II mit 5:2. Die 1:0 F\u00fchrung der K\u00f6rner konnte der Gast aus Brechten noch zum 1:1 ausgleichen. Noch vor der Pause erh\u00f6hten die K\u00f6rner jedoch auf 3:1. In der zweiten Halbzeit lie\u00dfen die Jungs von Trainer Maxi Adomeit nichts mehr anbrennen und gingen mit einem 5:2 als Sieger vom Platz.<\/p>\n\n\n\n<p>Die <strong>E2-Jugend<\/strong> gewann ihr Ausw\u00e4rtsspiel bei KF Sharri eindeutig mit 13:0. Nach der 4:0 Pausenf\u00fchrung drehte das Team von Trainer Andreas Lorenz ordentlich auf und konnte noch 9 weitere Treffer in der zweiten Halbzeit schie\u00dfen.<\/p>\n\n\n\n<p>F\u00fcr beide <strong>D-Jugendmannschaften<\/strong> war es mal wieder ein gebrauchtes Wochenende. Die D2-Jugend verlor gegen den Hombrucher SV III mit 16:0 und die D1-Jugend musste sich mit 11:0 gegen die Dortmunder L\u00f6wen geschlagen geben.<\/p>\n\n\n\n<p>Die <strong>B-Jugend<\/strong> verlor ihr Ausw\u00e4rtsspiel beim SV Westrich mit 4:2. Zur Halbzeit stand es 1:1. Ignacio Nahuel Adonajio Arispe glich die F\u00fchrung vom Gastgeber aus. Nach der Pause erh\u00f6hte Aristotelis-Charalampos Litis auf 2:1 f\u00fcr die K\u00f6rner. Die Westricher konnten jedoch noch drei weitere Treffer erzielen.<\/p>\n\n\n\n<p>Die <strong>A-Jugend<\/strong> verlor ihr Heimspiel gegen den TuS Neuasseln mit 5:4. Nach einer 2:1 Halbzeitpause f\u00fcr die K\u00f6rner war es in der zweiten Halbzeit ein offener Schlagabtausch. Der Gast aus Neuasseln erzielte erst in der 90. Minute den entscheidenden Treffer zum 4:5.<\/p>\n","protected":false},"excerpt":{"rendered":"<p>Die E1-Jugend gewann ihr Meisterschaftsspiel gegen den TV Brechten II mit 5:2. Die 1:0 F\u00fchrung der K\u00f6rner konnte der Gast aus Brechten noch zum 1:1 ausgleichen. Noch vor der Pause [&hellip;]<\/p>\n","protected":false},"author":2,"featured_media":1791,"comment_status":"closed","ping_status":"open","sticky":false,"template":"","format":"standard","meta":{"_jetpack_memberships_contains_paid_content":false,"footnotes":""},"categories":[1,35],"tags":[],"class_list":["post-1790","post","type-post","status-publish","format-standard","has-post-thumbnail","hentry","category-allgemein","category-jugend"],"jetpack_sharing_enabled":true,"jetpack_featured_media_url":"https:\/\/sv-koerne83.de\/wordpress\/wp-content\/uploads\/2020\/09\/f3b80f88-df46-4a75-86ed-375fcff1e0dd.jpg","_links":{"self":[{"href":"https:\/\/sv-koerne83.de\/wordpress\/wp-json\/wp\/v2\/posts\/1790","targetHints":{"allow":["GET"]}}],"collection":[{"href":"https:\/\/sv-koerne83.de\/wordpress\/wp-json\/wp\/v2\/posts"}],"about":[{"href":"https:\/\/sv-koerne83.de\/wordpress\/wp-json\/wp\/v2\/types\/post"}],"author":[{"embeddable":true,"href":"https:\/\/sv-koerne83.de\/wordpress\/wp-json\/wp\/v2\/users\/2"}],"replies":[{"embeddable":true,"href":"https:\/\/sv-koerne83.de\/wordpress\/wp-json\/wp\/v2\/comments?post=1790"}],"version-history":[{"count":3,"href":"https:\/\/sv-koerne83.de\/wordpress\/wp-json\/wp\/v2\/posts\/1790\/revisions"}],"predecessor-version":[{"id":1796,"href":"https:\/\/sv-koerne83.de\/wordpress\/wp-json\/wp\/v2\/posts\/1790\/revisions\/1796"}],"wp:featuredmedia":[{"embeddable":true,"href":"https:\/\/sv-koerne83.de\/wordpress\/wp-json\/wp\/v2\/media\/1791"}],"wp:attachment":[{"href":"https:\/\/sv-koerne83.de\/wordpress\/wp-json\/wp\/v2\/media?parent=1790"}],"wp:term":[{"taxonomy":"category","embeddable":true,"href":"https:\/\/sv-koerne83.de\/wordpress\/wp-json\/wp\/v2\/categories?post=1790"},{"taxonomy":"post_tag","embeddable":true,"href":"https:\/\/sv-koerne83.de\/wordpress\/wp-json\/wp\/v2\/tags?post=1790"}],"curies":[{"name":"wp","href":"https:\/\/api.w.org\/{rel}","templated":true}]}}