{"id":1810,"date":"2020-10-03T19:59:06","date_gmt":"2020-10-03T17:59:06","guid":{"rendered":"https:\/\/sv-koerne83.de\/wordpress\/?p=1810"},"modified":"2020-10-03T19:59:07","modified_gmt":"2020-10-03T17:59:07","slug":"e2-mueht-sich-zum-heimsieg","status":"publish","type":"post","link":"https:\/\/sv-koerne83.de\/wordpress\/2020\/10\/03\/e2-mueht-sich-zum-heimsieg\/","title":{"rendered":"E2 m\u00fcht sich zum Heimsieg"},"content":{"rendered":"\n<p>Man hatte sich beim SV K\u00f6rne in den letzten Wochen an hohe Siege und berauschenden Fu\u00dfball gew\u00f6hnt. Doch dass das nicht jede Woche m\u00f6glich ist, wurde am Samstag deutlich. Die E2 qu\u00e4lte sich zu einem m\u00fchevollen 4:2 (1:0) Heimsieg gegen den VfB Westhofen.<\/p>\n\n\n\n<p>Bei herrlichem Fu\u00dfballwetter \u00fcbernahmen die Hausherren sofort das Kommando und best\u00fcrmten das G\u00e4stetor. Doch das war wie vernagelt. Entweder hielt die sehr gute Torh\u00fcterin oder es wurden beste Gelegenheiten ausgelassen. Die vielbeinige G\u00e4steabwehr hielt den Angriffen stand. Mit zunehmender Spielzeit wurde die Heimelf hektischer, die Aktionen ungenauer. Frust und Nervosit\u00e4t waren sp\u00fcrbar. Doch es wurde weiter Druck gemacht und schlie\u00dflich gelang Julius kurz vor der Pause mit einem satten Linksschuss das \u00fcberf\u00e4llige 1:0.<\/p>\n\n\n\n<p>In der zweiten H\u00e4lfte war es das gleiche Bild. Ein Spiel auf ein Tor. Doch mitten in die Drangphase der Gastgeber gelang Westhofen durch einen sch\u00f6nen Konter das 1:1. Der Spielverlauf war auf den Kopf gestellt, bis nur Sekunden sp\u00e4ter Jaki \u00fcber die rechte Au\u00dfenbahn das 2:1 gelang. &nbsp;Ruhe brachte das jedoch nicht, es blieb zerfahren und wieder zeigte sich der SVK bei einem Konter anf\u00e4llig, kassierte pl\u00f6tzlich den 2:2 Ausgleich. Franz im Tor war erneut machtlos.<\/p>\n\n\n\n<figure class=\"wp-block-image size-large\"><img loading=\"lazy\" decoding=\"async\" width=\"726\" height=\"1024\" src=\"https:\/\/sv-koerne83.de\/wordpress\/wp-content\/uploads\/2020\/10\/img_4475-726x1024.jpg\" alt=\"\" class=\"wp-image-1809\" srcset=\"https:\/\/sv-koerne83.de\/wordpress\/wp-content\/uploads\/2020\/10\/img_4475-726x1024.jpg 726w, https:\/\/sv-koerne83.de\/wordpress\/wp-content\/uploads\/2020\/10\/img_4475-213x300.jpg 213w, https:\/\/sv-koerne83.de\/wordpress\/wp-content\/uploads\/2020\/10\/img_4475-768x1083.jpg 768w, https:\/\/sv-koerne83.de\/wordpress\/wp-content\/uploads\/2020\/10\/img_4475-1089x1536.jpg 1089w, https:\/\/sv-koerne83.de\/wordpress\/wp-content\/uploads\/2020\/10\/img_4475-1452x2048.jpg 1452w, https:\/\/sv-koerne83.de\/wordpress\/wp-content\/uploads\/2020\/10\/img_4475-91x128.jpg 91w, https:\/\/sv-koerne83.de\/wordpress\/wp-content\/uploads\/2020\/10\/img_4475-23x32.jpg 23w, https:\/\/sv-koerne83.de\/wordpress\/wp-content\/uploads\/2020\/10\/img_4475-scaled.jpg 1815w\" sizes=\"auto, (max-width: 726px) 100vw, 726px\" \/><figcaption><em>Der Blick geht weiter nach oben f\u00fcr Jaki und die E2 vom SV K\u00f6rne 83.<\/em><\/figcaption><\/figure>\n\n\n\n<p>Unglaublich! Das konnte es doch nicht gewesen sein. 10 Minuten blieben noch bis zum Schlusspfiff. Wild rannten die K\u00f6rner nun an, wieder und wieder scheiterten Sie, bis Jaki zum 3:2 erneut traf. Das umjubelte 4:2 h\u00e4mmerte der Dauerbrenner dann aus spitzem Winkel unter die Latte. Die tapferen Westhofener hatten nun nichts mehr entgegenzusetzen.<\/p>\n\n\n\n<p>Im Protokoll steht ein z\u00e4her Arbeitssieg. Die Mannschaft zeigte aber Moral und lie\u00df sich trotz des zweimaligen Ausgleichs nicht beirren, besann sich auf seine St\u00e4rken, kam zur\u00fcck und konnte am Ende den Sieg feiern.<\/p>\n\n\n\n<p>Der vierte Sieg in Folge gibt Hoffnung, in der Tabelle noch weiter nach oben zu klettern. Das n\u00e4chste Meisterschaftsspiel findet am 31.10. ausw\u00e4rts beim VfL Schwerte statt, der als Zweiter mit 15 Punkten aus 5 Spielen noch eine wei\u00dfe Weste hat.<\/p>\n","protected":false},"excerpt":{"rendered":"<p>Man hatte sich beim SV K\u00f6rne in den letzten Wochen an hohe Siege und berauschenden Fu\u00dfball gew\u00f6hnt. Doch dass das nicht jede Woche m\u00f6glich ist, wurde am Samstag deutlich. Die [&hellip;]<\/p>\n","protected":false},"author":2,"featured_media":1808,"comment_status":"closed","ping_status":"open","sticky":false,"template":"","format":"standard","meta":{"_jetpack_memberships_contains_paid_content":false,"footnotes":""},"categories":[1,35],"tags":[],"class_list":["post-1810","post","type-post","status-publish","format-standard","has-post-thumbnail","hentry","category-allgemein","category-jugend"],"jetpack_sharing_enabled":true,"jetpack_featured_media_url":"https:\/\/sv-koerne83.de\/wordpress\/wp-content\/uploads\/2020\/10\/fbf85741-c5c7-4bc8-9cee-d2aba2a66ba4.jpg","_links":{"self":[{"href":"https:\/\/sv-koerne83.de\/wordpress\/wp-json\/wp\/v2\/posts\/1810","targetHints":{"allow":["GET"]}}],"collection":[{"href":"https:\/\/sv-koerne83.de\/wordpress\/wp-json\/wp\/v2\/posts"}],"about":[{"href":"https:\/\/sv-koerne83.de\/wordpress\/wp-json\/wp\/v2\/types\/post"}],"author":[{"embeddable":true,"href":"https:\/\/sv-koerne83.de\/wordpress\/wp-json\/wp\/v2\/users\/2"}],"replies":[{"embeddable":true,"href":"https:\/\/sv-koerne83.de\/wordpress\/wp-json\/wp\/v2\/comments?post=1810"}],"version-history":[{"count":1,"href":"https:\/\/sv-koerne83.de\/wordpress\/wp-json\/wp\/v2\/posts\/1810\/revisions"}],"predecessor-version":[{"id":1811,"href":"https:\/\/sv-koerne83.de\/wordpress\/wp-json\/wp\/v2\/posts\/1810\/revisions\/1811"}],"wp:featuredmedia":[{"embeddable":true,"href":"https:\/\/sv-koerne83.de\/wordpress\/wp-json\/wp\/v2\/media\/1808"}],"wp:attachment":[{"href":"https:\/\/sv-koerne83.de\/wordpress\/wp-json\/wp\/v2\/media?parent=1810"}],"wp:term":[{"taxonomy":"category","embeddable":true,"href":"https:\/\/sv-koerne83.de\/wordpress\/wp-json\/wp\/v2\/categories?post=1810"},{"taxonomy":"post_tag","embeddable":true,"href":"https:\/\/sv-koerne83.de\/wordpress\/wp-json\/wp\/v2\/tags?post=1810"}],"curies":[{"name":"wp","href":"https:\/\/api.w.org\/{rel}","templated":true}]}}