{"id":1816,"date":"2020-10-05T08:04:29","date_gmt":"2020-10-05T06:04:29","guid":{"rendered":"https:\/\/sv-koerne83.de\/wordpress\/?p=1816"},"modified":"2020-10-05T08:04:30","modified_gmt":"2020-10-05T06:04:30","slug":"verdient-niederlage-gegen-soelderholz","status":"publish","type":"post","link":"https:\/\/sv-koerne83.de\/wordpress\/2020\/10\/05\/verdient-niederlage-gegen-soelderholz\/","title":{"rendered":"Verdient Niederlage gegen S\u00f6lderholz"},"content":{"rendered":"\n<p>Die <strong>1. Mannschaft<\/strong> musste am gestrigen Sonntag eine 4:1 Niederlage bei SF S\u00f6lderholz hinnehmen. Die Mannschaft von Trainer Viktor Pusch schaffte es an diesem Tag nicht die Leistungen aus den vorherigen Wochen auf den Platz zu bringen. Das Team ging zwar kurz vor der Pause durch Thierno Diallo mit 1:0 in F\u00fchrung, die Gastgeber konnten in der zweiten H\u00e4lfte das Spiel jedoch zu ihren Gunsten drehen.<\/p>\n\n\n\n<p>Die <strong>2. Mannschaft<\/strong> verlor ihr Ausw\u00e4rtsspiel beim Wambeler SV mit 6:0. Bereits zur Pause lag das Team von Trainer Andree Schmitz mit 4:0 in R\u00fcckstand. In der zweite H\u00e4lfte trafen die Wambeler noch zweimal ins K\u00f6rner Tor.<\/p>\n\n\n\n<p>Die <strong>3. Mannschaft<\/strong> gewann ihr Heimspiel gegen Posterum United mit 5:1. Den 1:0 R\u00fcckstand konnte die Mannschaft von Christopher Koebel und Ufuk Serdar noch vor der Pause egalisieren. Deniz Serdar war mit seinen drei Treffern ma\u00dfgeblich an dem Erfolg beteiligt. Weitere Treffer erzielten Ufuk Serdar und Thimo Kohlmann.<\/p>\n\n\n\n<p>Die <strong>4. Mannschaft<\/strong> verlor gegen DJK Saxonia mit 2:1. Den fr\u00fchen F\u00fchrungstreffer der Saxonen glich das Team in der zweiten H\u00e4lfte zum 1:1 aus. Acht Minuten sp\u00e4ter erzielte der Gast den entscheidenden 2:1 Endstand. Leider hatte der Siegtreffer einen bitteren Beigeschmack, da die Saxonen es hier verpassten das unsportliche Verhalten wieder gut zu machen.<\/p>\n","protected":false},"excerpt":{"rendered":"<p>Die 1. Mannschaft musste am gestrigen Sonntag eine 4:1 Niederlage bei SF S\u00f6lderholz hinnehmen. Die Mannschaft von Trainer Viktor Pusch schaffte es an diesem Tag nicht die Leistungen aus den [&hellip;]<\/p>\n","protected":false},"author":2,"featured_media":1815,"comment_status":"closed","ping_status":"open","sticky":false,"template":"","format":"standard","meta":{"_jetpack_memberships_contains_paid_content":false,"footnotes":""},"categories":[30,31,32,33,1],"tags":[],"class_list":["post-1816","post","type-post","status-publish","format-standard","has-post-thumbnail","hentry","category-1-mannschaft","category-2-mannschaft","category-3-mannschaft","category-4-mannschaft","category-allgemein"],"jetpack_sharing_enabled":true,"jetpack_featured_media_url":"https:\/\/sv-koerne83.de\/wordpress\/wp-content\/uploads\/2020\/10\/img_3726-scaled.jpg","_links":{"self":[{"href":"https:\/\/sv-koerne83.de\/wordpress\/wp-json\/wp\/v2\/posts\/1816","targetHints":{"allow":["GET"]}}],"collection":[{"href":"https:\/\/sv-koerne83.de\/wordpress\/wp-json\/wp\/v2\/posts"}],"about":[{"href":"https:\/\/sv-koerne83.de\/wordpress\/wp-json\/wp\/v2\/types\/post"}],"author":[{"embeddable":true,"href":"https:\/\/sv-koerne83.de\/wordpress\/wp-json\/wp\/v2\/users\/2"}],"replies":[{"embeddable":true,"href":"https:\/\/sv-koerne83.de\/wordpress\/wp-json\/wp\/v2\/comments?post=1816"}],"version-history":[{"count":1,"href":"https:\/\/sv-koerne83.de\/wordpress\/wp-json\/wp\/v2\/posts\/1816\/revisions"}],"predecessor-version":[{"id":1817,"href":"https:\/\/sv-koerne83.de\/wordpress\/wp-json\/wp\/v2\/posts\/1816\/revisions\/1817"}],"wp:featuredmedia":[{"embeddable":true,"href":"https:\/\/sv-koerne83.de\/wordpress\/wp-json\/wp\/v2\/media\/1815"}],"wp:attachment":[{"href":"https:\/\/sv-koerne83.de\/wordpress\/wp-json\/wp\/v2\/media?parent=1816"}],"wp:term":[{"taxonomy":"category","embeddable":true,"href":"https:\/\/sv-koerne83.de\/wordpress\/wp-json\/wp\/v2\/categories?post=1816"},{"taxonomy":"post_tag","embeddable":true,"href":"https:\/\/sv-koerne83.de\/wordpress\/wp-json\/wp\/v2\/tags?post=1816"}],"curies":[{"name":"wp","href":"https:\/\/api.w.org\/{rel}","templated":true}]}}