{"id":1842,"date":"2020-10-08T14:29:34","date_gmt":"2020-10-08T12:29:34","guid":{"rendered":"https:\/\/sv-koerne83.de\/wordpress\/?p=1842"},"modified":"2020-10-08T14:29:34","modified_gmt":"2020-10-08T12:29:34","slug":"rw-ahlen-zu-gast","status":"publish","type":"post","link":"https:\/\/sv-koerne83.de\/wordpress\/2020\/10\/08\/rw-ahlen-zu-gast\/","title":{"rendered":"RW Ahlen zu Gast"},"content":{"rendered":"\n<p>Am Samstag testet die B-Jugend gegen die Bezirksligamannschaft von Rot-Wei\u00df Ahlen. Die Zweitvertretung der Ahlener kommt zu Gast in den Affenk\u00e4fig und misst sich mit dem Team von Tobias Schigowski und Mario Sopar. Die Rot-Wei\u00dfen spielen aktuell in der Bezirksliga und belegen dort den 10. Tabellenplatz. Ansto\u00df am Winkelriedweg ist um 16.00 Uhr. <\/p>\n\n\n\n<p>Die F2-Jugend bestreitet ebenfalls am Samstag ein Testspiel. Das Team von Trainer Ralf Schwarz empf\u00e4ngt die Jungs von Eving Selimiye Spor. Ansto\u00df am Winkelriedweg ist um 10.00 Uhr. <\/p>\n\n\n\n<p>Die D2-Jugend reist f\u00fcr ein Testspiel zum L\u00fcner SV. Die L\u00fcner belegen in ihrer Qualifikationsgruppe den 8. Tabellenplatz und warten ebenfalls auf den ersten Sieg in dieser Saison. Ansto\u00df am Schwansbeller Weg in L\u00fcnen ist um 14.00 Uhr. <\/p>\n","protected":false},"excerpt":{"rendered":"<p>Am Samstag testet die B-Jugend gegen die Bezirksligamannschaft von Rot-Wei\u00df Ahlen. Die Zweitvertretung der Ahlener kommt zu Gast in den Affenk\u00e4fig und misst sich mit dem Team von Tobias Schigowski [&hellip;]<\/p>\n","protected":false},"author":2,"featured_media":1819,"comment_status":"closed","ping_status":"open","sticky":false,"template":"","format":"standard","meta":{"_jetpack_memberships_contains_paid_content":false,"footnotes":""},"categories":[1,35],"tags":[],"class_list":["post-1842","post","type-post","status-publish","format-standard","has-post-thumbnail","hentry","category-allgemein","category-jugend"],"jetpack_sharing_enabled":true,"jetpack_featured_media_url":"https:\/\/sv-koerne83.de\/wordpress\/wp-content\/uploads\/2020\/10\/img_3731-scaled.jpg","_links":{"self":[{"href":"https:\/\/sv-koerne83.de\/wordpress\/wp-json\/wp\/v2\/posts\/1842","targetHints":{"allow":["GET"]}}],"collection":[{"href":"https:\/\/sv-koerne83.de\/wordpress\/wp-json\/wp\/v2\/posts"}],"about":[{"href":"https:\/\/sv-koerne83.de\/wordpress\/wp-json\/wp\/v2\/types\/post"}],"author":[{"embeddable":true,"href":"https:\/\/sv-koerne83.de\/wordpress\/wp-json\/wp\/v2\/users\/2"}],"replies":[{"embeddable":true,"href":"https:\/\/sv-koerne83.de\/wordpress\/wp-json\/wp\/v2\/comments?post=1842"}],"version-history":[{"count":1,"href":"https:\/\/sv-koerne83.de\/wordpress\/wp-json\/wp\/v2\/posts\/1842\/revisions"}],"predecessor-version":[{"id":1843,"href":"https:\/\/sv-koerne83.de\/wordpress\/wp-json\/wp\/v2\/posts\/1842\/revisions\/1843"}],"wp:featuredmedia":[{"embeddable":true,"href":"https:\/\/sv-koerne83.de\/wordpress\/wp-json\/wp\/v2\/media\/1819"}],"wp:attachment":[{"href":"https:\/\/sv-koerne83.de\/wordpress\/wp-json\/wp\/v2\/media?parent=1842"}],"wp:term":[{"taxonomy":"category","embeddable":true,"href":"https:\/\/sv-koerne83.de\/wordpress\/wp-json\/wp\/v2\/categories?post=1842"},{"taxonomy":"post_tag","embeddable":true,"href":"https:\/\/sv-koerne83.de\/wordpress\/wp-json\/wp\/v2\/tags?post=1842"}],"curies":[{"name":"wp","href":"https:\/\/api.w.org\/{rel}","templated":true}]}}