{"id":1852,"date":"2020-10-09T08:09:28","date_gmt":"2020-10-09T06:09:28","guid":{"rendered":"https:\/\/sv-koerne83.de\/wordpress\/?p=1852"},"modified":"2020-10-10T20:59:39","modified_gmt":"2020-10-10T18:59:39","slug":"osmanlispor-zu-gast-am-winkelriedweg","status":"publish","type":"post","link":"https:\/\/sv-koerne83.de\/wordpress\/2020\/10\/09\/osmanlispor-zu-gast-am-winkelriedweg\/","title":{"rendered":"Osmanlispor zu Gast am Winkelriedweg"},"content":{"rendered":"\n<p>Am Sonntag empf\u00e4ngt die <strong>1. Mannschaft<\/strong> das Team vom SC Osmanlispor. Die Mannschaft aus Mengede musste in dieser Saison erst eine Niederlage hinnehmen. Ein weiteres Spiel wurde bei einem R\u00fcckstand vom SC Osmanlispor abgebrochen <em>(die Wertung steht noch aus)<\/em>. Die Mannschaft von Viktor Pusch kann nach der Niederlage gegen S\u00f6lderholz wieder in die Spur finden. Ansto\u00df am Winkelriedweg ist um 16.00 Uhr.<\/p>\n\n\n\n<p>Die <strong>2. Mannschaft<\/strong> trifft auf den BV L\u00fcnen 05 II. Die Geister aus L\u00fcnen konnten lediglich einen Saisonsieg einfahren. F\u00fcr das Team von Andree Schmitz geht es in diesem Spiel um die ersten drei Saisonpunkte gegen einen direkten Konkurrenten. Ansto\u00df am Winkelriedweg ist um 13.00 Uhr.<\/p>\n\n\n\n<p>Die <strong>3. Mannschaft<\/strong> spielt im Derby gegen DJK TuS K\u00f6rne III. Die K\u00f6rner vom Zippen belegen aktuell den 16. Tabellenplatz und haben 3 Punkte auf ihrem Konto. Die 3. Mannschaft kann mit einem Sieg den Anschluss an die Spitzengruppe halten. Ansto\u00df am Zippen ist um 14.00 Uhr.<\/p>\n\n\n\n<p>Die <strong>4. Mannschaft<\/strong> reist nach Asseln und trifft dort auf den SV Dortmund-Wickede. Nach einem schwachen Saisonstart gewannen die Wickeder die letzten beiden Saisonspiele und belegen aktuell den 10. Tabellenplatz. Die 4. Mannschaft musste aktuell erst 3 Gegentore hinnehmen und kann mit einem Sieg einen Sprung in die oberen Tabellenregionen schaffen. Ansto\u00df am Gr\u00fcningsweg ist um 13.00 Uhr.<\/p>\n","protected":false},"excerpt":{"rendered":"<p>Am Sonntag empf\u00e4ngt die 1. Mannschaft das Team vom SC Osmanlispor. Die Mannschaft aus Mengede musste in dieser Saison erst eine Niederlage hinnehmen. Ein weiteres Spiel wurde bei einem R\u00fcckstand [&hellip;]<\/p>\n","protected":false},"author":2,"featured_media":1818,"comment_status":"closed","ping_status":"open","sticky":false,"template":"","format":"standard","meta":{"_jetpack_memberships_contains_paid_content":false,"footnotes":""},"categories":[30,31,32,33,1],"tags":[],"class_list":["post-1852","post","type-post","status-publish","format-standard","has-post-thumbnail","hentry","category-1-mannschaft","category-2-mannschaft","category-3-mannschaft","category-4-mannschaft","category-allgemein"],"jetpack_sharing_enabled":true,"jetpack_featured_media_url":"https:\/\/sv-koerne83.de\/wordpress\/wp-content\/uploads\/2020\/10\/img_3730-scaled.jpg","_links":{"self":[{"href":"https:\/\/sv-koerne83.de\/wordpress\/wp-json\/wp\/v2\/posts\/1852","targetHints":{"allow":["GET"]}}],"collection":[{"href":"https:\/\/sv-koerne83.de\/wordpress\/wp-json\/wp\/v2\/posts"}],"about":[{"href":"https:\/\/sv-koerne83.de\/wordpress\/wp-json\/wp\/v2\/types\/post"}],"author":[{"embeddable":true,"href":"https:\/\/sv-koerne83.de\/wordpress\/wp-json\/wp\/v2\/users\/2"}],"replies":[{"embeddable":true,"href":"https:\/\/sv-koerne83.de\/wordpress\/wp-json\/wp\/v2\/comments?post=1852"}],"version-history":[{"count":1,"href":"https:\/\/sv-koerne83.de\/wordpress\/wp-json\/wp\/v2\/posts\/1852\/revisions"}],"predecessor-version":[{"id":1853,"href":"https:\/\/sv-koerne83.de\/wordpress\/wp-json\/wp\/v2\/posts\/1852\/revisions\/1853"}],"wp:featuredmedia":[{"embeddable":true,"href":"https:\/\/sv-koerne83.de\/wordpress\/wp-json\/wp\/v2\/media\/1818"}],"wp:attachment":[{"href":"https:\/\/sv-koerne83.de\/wordpress\/wp-json\/wp\/v2\/media?parent=1852"}],"wp:term":[{"taxonomy":"category","embeddable":true,"href":"https:\/\/sv-koerne83.de\/wordpress\/wp-json\/wp\/v2\/categories?post=1852"},{"taxonomy":"post_tag","embeddable":true,"href":"https:\/\/sv-koerne83.de\/wordpress\/wp-json\/wp\/v2\/tags?post=1852"}],"curies":[{"name":"wp","href":"https:\/\/api.w.org\/{rel}","templated":true}]}}