{"id":1855,"date":"2020-10-12T08:39:34","date_gmt":"2020-10-12T06:39:34","guid":{"rendered":"https:\/\/sv-koerne83.de\/wordpress\/?p=1855"},"modified":"2020-10-12T08:39:34","modified_gmt":"2020-10-12T06:39:34","slug":"erste-mannschaft-mit-bitterer-niederlage","status":"publish","type":"post","link":"https:\/\/sv-koerne83.de\/wordpress\/2020\/10\/12\/erste-mannschaft-mit-bitterer-niederlage\/","title":{"rendered":"Erste Mannschaft mit bitterer Niederlage"},"content":{"rendered":"\n<p>Die erste Mannschaft musste am gestrigen Sonntag eine 2:1 Heimniederlage gegen den SC Osmanlispor hinnehmen. Somit verlor das Team von Trainer Viktor Pusch seit dem 10.09.2017 mal wieder ein Meisterschaftsheimspiel. Der Gast aus Mengede ging in der 4. Minute mit 1:0 in F\u00fchrung. Die Jungs der ersten Mannschaft fanden jedoch immer besser ins Spiel, konnten allerdings keine zwingenden Torchancen herausspielen. In der 78. Minute war es dann Viktor Pusch, der den 1:1 Ausgleichstreffer erzielte. Aus einer Standardsituation kurz vor dem Abpfiff erzielte Osmanlispor den 2:1 Endstand.<\/p>\n\n\n\n<p>Die zweite Mannschaft verlor ihr Heimspiel gegen den BV L\u00fcnen 05 II mit 6:0. Gegen den direkten Konkurrenten schaffte es das Team von Trainer Andree Schmitz nicht die erhofften 3 Punkte zu holen. Gerade in der zweiten Halbzeit trafen die Geister zu leicht ins K\u00f6rner Tor.<\/p>\n\n\n\n<p>Die dritte Mannschaft gewinnt das Derby gegen TuS K\u00f6rne III mit 1:0 und h\u00e4lt somit Anschluss an die Spitzengruppe der Tabelle. Chris Str\u00e4ter erzielte bereits in der 12. Minute den entscheidenden Treffer zum 1:0.<\/p>\n\n\n\n<p>Die vierte Mannschaft konnte ihr Ausw\u00e4rtsspiel gegen den SV Dortmund-Wickede mit 5:2 gewinnen und klettert somit wieder auf den 5. Tabellenplatz. Den 1:0 R\u00fcckstand glich Simon Br\u00fcckner wieder aus. In der zweiten Halbzeit waren es Rene Bock und Nils Meuche, die zusammen auf 5:1 erh\u00f6hten. Kurz vor dem Abpfiff erzielte der Gastgeber noch den 5:2 Ehrentreffer.<\/p>\n","protected":false},"excerpt":{"rendered":"<p>Die erste Mannschaft musste am gestrigen Sonntag eine 2:1 Heimniederlage gegen den SC Osmanlispor hinnehmen. Somit verlor das Team von Trainer Viktor Pusch seit dem 10.09.2017 mal wieder ein Meisterschaftsheimspiel. [&hellip;]<\/p>\n","protected":false},"author":2,"featured_media":776,"comment_status":"closed","ping_status":"open","sticky":false,"template":"","format":"standard","meta":{"_jetpack_memberships_contains_paid_content":false,"footnotes":""},"categories":[30,31,32,33,1],"tags":[],"class_list":["post-1855","post","type-post","status-publish","format-standard","has-post-thumbnail","hentry","category-1-mannschaft","category-2-mannschaft","category-3-mannschaft","category-4-mannschaft","category-allgemein"],"jetpack_sharing_enabled":true,"jetpack_featured_media_url":"https:\/\/sv-koerne83.de\/wordpress\/wp-content\/uploads\/2019\/09\/BD43D305-67C9-4ECE-9367-80CF48785999.jpeg","_links":{"self":[{"href":"https:\/\/sv-koerne83.de\/wordpress\/wp-json\/wp\/v2\/posts\/1855","targetHints":{"allow":["GET"]}}],"collection":[{"href":"https:\/\/sv-koerne83.de\/wordpress\/wp-json\/wp\/v2\/posts"}],"about":[{"href":"https:\/\/sv-koerne83.de\/wordpress\/wp-json\/wp\/v2\/types\/post"}],"author":[{"embeddable":true,"href":"https:\/\/sv-koerne83.de\/wordpress\/wp-json\/wp\/v2\/users\/2"}],"replies":[{"embeddable":true,"href":"https:\/\/sv-koerne83.de\/wordpress\/wp-json\/wp\/v2\/comments?post=1855"}],"version-history":[{"count":1,"href":"https:\/\/sv-koerne83.de\/wordpress\/wp-json\/wp\/v2\/posts\/1855\/revisions"}],"predecessor-version":[{"id":1856,"href":"https:\/\/sv-koerne83.de\/wordpress\/wp-json\/wp\/v2\/posts\/1855\/revisions\/1856"}],"wp:featuredmedia":[{"embeddable":true,"href":"https:\/\/sv-koerne83.de\/wordpress\/wp-json\/wp\/v2\/media\/776"}],"wp:attachment":[{"href":"https:\/\/sv-koerne83.de\/wordpress\/wp-json\/wp\/v2\/media?parent=1855"}],"wp:term":[{"taxonomy":"category","embeddable":true,"href":"https:\/\/sv-koerne83.de\/wordpress\/wp-json\/wp\/v2\/categories?post=1855"},{"taxonomy":"post_tag","embeddable":true,"href":"https:\/\/sv-koerne83.de\/wordpress\/wp-json\/wp\/v2\/tags?post=1855"}],"curies":[{"name":"wp","href":"https:\/\/api.w.org\/{rel}","templated":true}]}}