{"id":1865,"date":"2020-10-13T10:24:33","date_gmt":"2020-10-13T08:24:33","guid":{"rendered":"https:\/\/sv-koerne83.de\/wordpress\/?p=1865"},"modified":"2020-10-13T10:24:33","modified_gmt":"2020-10-13T08:24:33","slug":"maskenpflicht","status":"publish","type":"post","link":"https:\/\/sv-koerne83.de\/wordpress\/2020\/10\/13\/maskenpflicht\/","title":{"rendered":"Maskenpflicht"},"content":{"rendered":"\n<p>Ab sofort gilt gem\u00e4\u00df den aktuellen Coronaschutzbestimmungen des Fu\u00dfballkreis Dortmund und der Stadt Dortmund eine Maskenpflicht f\u00fcr alle Zuschauenden beim Training- und Spielbetrieb.<\/p>\n\n\n\n<p>Diese Ma\u00dfnahme verk\u00fcndete die Stadt Dortmund am Montag (12.10.2020). Die Allgemeinverf\u00fcgung tritt mit <strong>sofortiger Wirkung<\/strong> in Kraft. Wir appellieren an alle Besucher*innen verantwortungsvoll mit der neuen Verordnung umzugehen und die Sportanlage nur noch mit Mund- und Nasenschutz zu betreten und diesen dauerhaft zu tragen.<\/p>\n","protected":false},"excerpt":{"rendered":"<p>Ab sofort gilt gem\u00e4\u00df den aktuellen Coronaschutzbestimmungen des Fu\u00dfballkreis Dortmund und der Stadt Dortmund eine Maskenpflicht f\u00fcr alle Zuschauenden beim Training- und Spielbetrieb. Diese Ma\u00dfnahme verk\u00fcndete die Stadt Dortmund am [&hellip;]<\/p>\n","protected":false},"author":2,"featured_media":1864,"comment_status":"closed","ping_status":"open","sticky":false,"template":"","format":"standard","meta":{"_jetpack_memberships_contains_paid_content":false,"footnotes":""},"categories":[1],"tags":[],"class_list":["post-1865","post","type-post","status-publish","format-standard","has-post-thumbnail","hentry","category-allgemein"],"jetpack_sharing_enabled":true,"jetpack_featured_media_url":"https:\/\/sv-koerne83.de\/wordpress\/wp-content\/uploads\/2020\/10\/img_3797-scaled.jpg","_links":{"self":[{"href":"https:\/\/sv-koerne83.de\/wordpress\/wp-json\/wp\/v2\/posts\/1865","targetHints":{"allow":["GET"]}}],"collection":[{"href":"https:\/\/sv-koerne83.de\/wordpress\/wp-json\/wp\/v2\/posts"}],"about":[{"href":"https:\/\/sv-koerne83.de\/wordpress\/wp-json\/wp\/v2\/types\/post"}],"author":[{"embeddable":true,"href":"https:\/\/sv-koerne83.de\/wordpress\/wp-json\/wp\/v2\/users\/2"}],"replies":[{"embeddable":true,"href":"https:\/\/sv-koerne83.de\/wordpress\/wp-json\/wp\/v2\/comments?post=1865"}],"version-history":[{"count":1,"href":"https:\/\/sv-koerne83.de\/wordpress\/wp-json\/wp\/v2\/posts\/1865\/revisions"}],"predecessor-version":[{"id":1866,"href":"https:\/\/sv-koerne83.de\/wordpress\/wp-json\/wp\/v2\/posts\/1865\/revisions\/1866"}],"wp:featuredmedia":[{"embeddable":true,"href":"https:\/\/sv-koerne83.de\/wordpress\/wp-json\/wp\/v2\/media\/1864"}],"wp:attachment":[{"href":"https:\/\/sv-koerne83.de\/wordpress\/wp-json\/wp\/v2\/media?parent=1865"}],"wp:term":[{"taxonomy":"category","embeddable":true,"href":"https:\/\/sv-koerne83.de\/wordpress\/wp-json\/wp\/v2\/categories?post=1865"},{"taxonomy":"post_tag","embeddable":true,"href":"https:\/\/sv-koerne83.de\/wordpress\/wp-json\/wp\/v2\/tags?post=1865"}],"curies":[{"name":"wp","href":"https:\/\/api.w.org\/{rel}","templated":true}]}}