{"id":1872,"date":"2020-10-16T10:33:35","date_gmt":"2020-10-16T08:33:35","guid":{"rendered":"https:\/\/sv-koerne83.de\/wordpress\/?p=1872"},"modified":"2020-10-17T12:37:21","modified_gmt":"2020-10-17T10:37:21","slug":"auswaertsspiel-in-mengede","status":"publish","type":"post","link":"https:\/\/sv-koerne83.de\/wordpress\/2020\/10\/16\/auswaertsspiel-in-mengede\/","title":{"rendered":"Ausw\u00e4rtsspiel in Mengede"},"content":{"rendered":"\n<p>Die <strong>1. Mannschaft<\/strong> reist am Sonntag nach Mengede und trifft dort auf die Zweitvertretung von Mengede 08\/20. Das Team aus dem Volksgarten belegt aktuell den 12. Tabellenplatz und konnte in den letzten 5 Spielen einen Sieg einfahren. F\u00fcr das Team von Trainer Viktor Pusch hei\u00dft es, nach den letzten zwei Niederlagen den Schwung aus den ersten Partien wieder aufzunehmen. Ansto\u00df auf dem Kunstrasenplatz im Mengeder Volksgarten ist um 13.00 Uhr.<\/p>\n\n\n\n<p>Die <strong>2. Mannschaft<\/strong> trifft im Ausw\u00e4rtsspiel auf das Team von TuRa Asseln. Die Asselner belegen aktuell den 5. Tabellenplatz und konnten in 6 Spielen schon 21 Tore erzielen. Ansto\u00df auf dem Kunstrasenplatz in Asseln (Gr\u00fcningsweg) ist um 16.00 Uhr.<\/p>\n\n\n\n<p>Die <strong>3. Mannschaft<\/strong> empf\u00e4ngt im Heimspiel den FC Dortmund 18. Aufgrund der aktuellen Tabellensituation m\u00fcsste diese Begegnung eine klare Angelegenheit sein. Das Team von Chrisopher Koebel und Ufuk Serdar liegt aktuell auf dem 4. Tabellenplatz. Der FC Dortmund rangiert auf dem 12. Tabellenplatz. Ansto\u00df am Winkelriedweg ist um 16.00 Uhr.<\/p>\n\n\n\n<p>Die <strong>4. Mannschaft<\/strong> spielt gegen den FC Dortmund 18 II. Beide Mannschaften weisen dieselbe Punktezahl auf, allerdings hat das Team von Trainer Sebastian Arnold zwei Spiele weniger gespielt. Mit einem Sieg festigt man die Position im oberen Tabellenbereich. Ansto\u00df am Winkelriedweg ist um 13.00 Uhr.<\/p>\n\n\n\n<h3 class=\"wp-block-heading\">Frauen starten in die Meisterschaft<\/h3>\n\n\n\n<p>F\u00fcr das <strong>Frauenteam <\/strong>beginnt am Sonntag endlich die Meisterschaft. Nach 4 spielfreien Wochenenden f\u00e4hrt das Team von Trainer Dennis Taubenheim zum SV Eintracht Dorstfeld II. Die Dorstfelderinnen mussten in dieser Saison schon zwei Niederlagen hinnehmen. Ansto\u00df in Dorstfeld (Fine Frau) ist um 13.00 Uhr.<\/p>\n\n\n\n<p>Bitte beachtet die <strong>Maskenpflicht <\/strong>auf der Sportanlage. Die Mund- und Nasenbedeckung muss dauerhaft getragen werden und darf lediglich zum essen und trinken abgenommen werden.<\/p>\n","protected":false},"excerpt":{"rendered":"<p>Die 1. Mannschaft reist am Sonntag nach Mengede und trifft dort auf die Zweitvertretung von Mengede 08\/20. Das Team aus dem Volksgarten belegt aktuell den 12. Tabellenplatz und konnte in [&hellip;]<\/p>\n","protected":false},"author":2,"featured_media":1859,"comment_status":"closed","ping_status":"open","sticky":false,"template":"","format":"standard","meta":{"_jetpack_memberships_contains_paid_content":false,"footnotes":""},"categories":[30,31,32,33,1,45],"tags":[],"class_list":["post-1872","post","type-post","status-publish","format-standard","has-post-thumbnail","hentry","category-1-mannschaft","category-2-mannschaft","category-3-mannschaft","category-4-mannschaft","category-allgemein","category-frauen"],"jetpack_sharing_enabled":true,"jetpack_featured_media_url":"https:\/\/sv-koerne83.de\/wordpress\/wp-content\/uploads\/2020\/10\/img_3789-scaled.jpg","_links":{"self":[{"href":"https:\/\/sv-koerne83.de\/wordpress\/wp-json\/wp\/v2\/posts\/1872","targetHints":{"allow":["GET"]}}],"collection":[{"href":"https:\/\/sv-koerne83.de\/wordpress\/wp-json\/wp\/v2\/posts"}],"about":[{"href":"https:\/\/sv-koerne83.de\/wordpress\/wp-json\/wp\/v2\/types\/post"}],"author":[{"embeddable":true,"href":"https:\/\/sv-koerne83.de\/wordpress\/wp-json\/wp\/v2\/users\/2"}],"replies":[{"embeddable":true,"href":"https:\/\/sv-koerne83.de\/wordpress\/wp-json\/wp\/v2\/comments?post=1872"}],"version-history":[{"count":2,"href":"https:\/\/sv-koerne83.de\/wordpress\/wp-json\/wp\/v2\/posts\/1872\/revisions"}],"predecessor-version":[{"id":1884,"href":"https:\/\/sv-koerne83.de\/wordpress\/wp-json\/wp\/v2\/posts\/1872\/revisions\/1884"}],"wp:featuredmedia":[{"embeddable":true,"href":"https:\/\/sv-koerne83.de\/wordpress\/wp-json\/wp\/v2\/media\/1859"}],"wp:attachment":[{"href":"https:\/\/sv-koerne83.de\/wordpress\/wp-json\/wp\/v2\/media?parent=1872"}],"wp:term":[{"taxonomy":"category","embeddable":true,"href":"https:\/\/sv-koerne83.de\/wordpress\/wp-json\/wp\/v2\/categories?post=1872"},{"taxonomy":"post_tag","embeddable":true,"href":"https:\/\/sv-koerne83.de\/wordpress\/wp-json\/wp\/v2\/tags?post=1872"}],"curies":[{"name":"wp","href":"https:\/\/api.w.org\/{rel}","templated":true}]}}